{"id":2646,"date":"2023-01-21T17:09:30","date_gmt":"2023-01-21T16:09:30","guid":{"rendered":"https:\/\/ndermjetesimi.com\/?p=2646"},"modified":"2023-01-21T17:23:18","modified_gmt":"2023-01-21T16:23:18","slug":"sundim-i-ligjit-zhvillim-ekonomik-jete-me-e-mire","status":"publish","type":"post","link":"https:\/\/ndermjetesimi.com\/sr\/sundim-i-ligjit-zhvillim-ekonomik-jete-me-e-mire\/","title":{"rendered":"Sundim i Ligjit &#8211; Zhvillim Ekonomik &#8211; Jet\u00eb m\u00eb e mir\u00eb!"},"content":{"rendered":"<p>Bizneset kosovare dhe investitor\u00ebt e huaj tani kan\u00eb mund\u00ebsin\u00eb q\u00eb kontestet e tyre t\u2019i trajtojn\u00eb n\u00eb Gjykat\u00ebn Komerciale.<\/p>\n\n\n\n<p>Gjykata Komerciale ofron siguri juridike, procese t\u00eb besueshme dhe t\u00eb parashikueshme gjyq\u00ebsore, ajo funksionon n\u00eb m\u00ebnyr\u00eb t\u00eb shpejt\u00eb dhe efikase p\u00ebr t\u00eb siguruar zgjidhjen n\u00eb koh\u00eb t\u00eb kontesteve komerciale.<\/p>\n\n\n\n<p>Kjo Gjykat\u00eb sjell\u00eb profesionaliz\u00ebm dhe efikasitet, leht\u00ebson m\u00ebnyr\u00ebn e t\u00eb b\u00ebrit biznes, duke e b\u00ebr\u00eb Kosov\u00ebn kredibile, serioze dhe t\u00eb p\u00ebrkushtuar p\u00ebr forcimin e sundimit t\u00eb ligjit dhe zhvillimin ekonomik.<\/p>\n\n\n\n<p>Ndiqni videon e m\u00ebposhtme dhe m\u00ebsoni m\u00eb shum\u00eb p\u00ebr rend\u00ebsine dhe efikasitetin e Gjykat\u00ebs Komerciale n\u00eb trajtimin e kontesteve komerciale.<br><br>Per me shum klikoni linkun per ta pare video.<\/p>\n\n\n\n<p><a href=\"https:\/\/drive.google.com\/file\/d\/1_cJIYQ-muSi7-h6kyrSsOOL3Rv91u6Da\/view?fbclid=IwAR0l2z79jN9M9yAnONr17VCzVdCQ2ms_TcywwAHmhsImnvuy115yHr0Nf3g\">https:\/\/drive.google.com\/file\/d\/1_cJIYQ-muSi7-h6kyrSsOOL3Rv91u6Da\/view?fbclid=IwAR0l2z79jN9M9yAnONr17VCzVdCQ2ms_TcywwAHmhsImnvuy115yHr0Nf3g<\/a><\/p>","protected":false},"excerpt":{"rendered":"<p>Bizneset kosovare dhe investitor\u00ebt e huaj tani kan\u00eb mund\u00ebsin\u00eb q\u00eb kontestet e tyre t\u2019i trajtojn\u00eb n\u00eb Gjykat\u00ebn Komerciale. Gjykata Komerciale ofron siguri juridike, procese t\u00eb besueshme dhe t\u00eb parashikueshme gjyq\u00ebsore, ajo funksionon n\u00eb m\u00ebnyr\u00eb t\u00eb shpejt\u00eb dhe efikase p\u00ebr t\u00eb siguruar zgjidhjen n\u00eb koh\u00eb t\u00eb kontesteve komerciale. Kjo Gjykat\u00eb sjell\u00eb profesionaliz\u00ebm dhe efikasitet, leht\u00ebson m\u00ebnyr\u00ebn &hellip;<\/p>\n<p class=\"read-more\"> <a class=\"\" href=\"https:\/\/ndermjetesimi.com\/sr\/sundim-i-ligjit-zhvillim-ekonomik-jete-me-e-mire\/\"> <span class=\"screen-reader-text\">Sundim i Ligjit &#8211; Zhvillim Ekonomik &#8211; Jet\u00eb m\u00eb e mir\u00eb!<\/span> \u041f\u0440\u043e\u0447\u0438\u0442\u0430\u0458 \u0432\u0438\u0448\u0435 &raquo;<\/a><\/p>","protected":false},"author":1,"featured_media":2647,"comment_status":"open","ping_status":"open","sticky":false,"template":"","format":"standard","meta":{"_mi_skip_tracking":false,"site-sidebar-layout":"default","site-content-layout":"default","ast-global-header-display":"","ast-main-header-display":"","ast-hfb-above-header-display":"","ast-hfb-below-header-display":"","ast-hfb-mobile-header-display":"","site-post-title":"","ast-breadcrumbs-content":"","ast-featured-img":"","footer-sml-layout":"","theme-transparent-header-meta":"","adv-header-id-meta":"","stick-header-meta":"","header-above-stick-meta":"","header-main-stick-meta":"","header-below-stick-meta":"","footnotes":""},"categories":[13],"tags":[],"class_list":["post-2646","post","type-post","status-publish","format-standard","has-post-thumbnail","hentry","category-njoftime"],"yoast_head":"<!-- This site is optimized with the Yoast SEO plugin v21.3 - https:\/\/yoast.com\/wordpress\/plugins\/seo\/ -->\n<title>Sundim i Ligjit - Zhvillim Ekonomik - Jet\u00eb m\u00eb e mir\u00eb! - Oda e Nd\u00ebrmjet\u00ebsuesve t\u00eb Kosov\u00ebs<\/title>\n<meta name=\"robots\" content=\"index, follow, max-snippet:-1, max-image-preview:large, max-video-preview:-1\" \/>\n<link rel=\"canonical\" href=\"https:\/\/ndermjetesimi.com\/sr\/sundim-i-ligjit-zhvillim-ekonomik-jete-me-e-mire\/\" \/>\n<meta property=\"og:locale\" content=\"sr_RS\" \/>\n<meta property=\"og:type\" content=\"article\" \/>\n<meta property=\"og:title\" content=\"Sundim i Ligjit - Zhvillim Ekonomik - Jet\u00eb m\u00eb e mir\u00eb! - Oda e Nd\u00ebrmjet\u00ebsuesve t\u00eb Kosov\u00ebs\" \/>\n<meta property=\"og:description\" content=\"Bizneset kosovare dhe investitor\u00ebt e huaj tani kan\u00eb mund\u00ebsin\u00eb q\u00eb kontestet e tyre t\u2019i trajtojn\u00eb n\u00eb Gjykat\u00ebn Komerciale. Gjykata Komerciale ofron siguri juridike, procese t\u00eb besueshme dhe t\u00eb parashikueshme gjyq\u00ebsore, ajo funksionon n\u00eb m\u00ebnyr\u00eb t\u00eb shpejt\u00eb dhe efikase p\u00ebr t\u00eb siguruar zgjidhjen n\u00eb koh\u00eb t\u00eb kontesteve komerciale. Kjo Gjykat\u00eb sjell\u00eb profesionaliz\u00ebm dhe efikasitet, leht\u00ebson m\u00ebnyr\u00ebn &hellip; Sundim i Ligjit &#8211; Zhvillim Ekonomik &#8211; Jet\u00eb m\u00eb e mir\u00eb! \u041f\u0440\u043e\u0447\u0438\u0442\u0430\u0458 \u0432\u0438\u0448\u0435 &raquo;\" \/>\n<meta property=\"og:url\" content=\"https:\/\/ndermjetesimi.com\/sr\/sundim-i-ligjit-zhvillim-ekonomik-jete-me-e-mire\/\" \/>\n<meta property=\"og:site_name\" content=\"Oda e Nd\u00ebrmjet\u00ebsuesve t\u00eb Kosov\u00ebs\" \/>\n<meta property=\"article:publisher\" content=\"https:\/\/www.facebook.com\/profile.php?id=100070871208708\" \/>\n<meta property=\"article:published_time\" content=\"2023-01-21T16:09:30+00:00\" \/>\n<meta property=\"article:modified_time\" content=\"2023-01-21T16:23:18+00:00\" \/>\n<meta property=\"og:image\" content=\"https:\/\/ndermjetesimi.com\/wp-content\/uploads\/2023\/01\/download.jpg\" \/>\n\t<meta property=\"og:image:width\" content=\"295\" \/>\n\t<meta property=\"og:image:height\" content=\"171\" \/>\n\t<meta property=\"og:image:type\" content=\"image\/jpeg\" \/>\n<meta name=\"author\" content=\"ndermjetesimi.rks\" \/>\n<meta name=\"twitter:card\" content=\"summary_large_image\" \/>\n<meta name=\"twitter:label1\" content=\"\u041d\u0430\u043f\u0438\u0441\u0430\u043d\u043e \u043e\u0434\" \/>\n\t<meta name=\"twitter:data1\" content=\"ndermjetesimi.rks\" \/>\n\t<meta name=\"twitter:label2\" content=\"\u041f\u0440\u043e\u0446\u0435\u045a\u0435\u043d\u043e \u0432\u0440\u0435\u043c\u0435 \u0447\u0438\u0442\u0430\u045a\u0430\" \/>\n\t<meta name=\"twitter:data2\" content=\"1 \u043c\u0438\u043d\u0443\u0442\" \/>\n<script type=\"application\/ld+json\" class=\"yoast-schema-graph\">{\"@context\":\"https:\/\/schema.org\",\"@graph\":[{\"@type\":\"Article\",\"@id\":\"https:\/\/ndermjetesimi.com\/sundim-i-ligjit-zhvillim-ekonomik-jete-me-e-mire\/#article\",\"isPartOf\":{\"@id\":\"https:\/\/ndermjetesimi.com\/sundim-i-ligjit-zhvillim-ekonomik-jete-me-e-mire\/\"},\"author\":{\"name\":\"ndermjetesimi.rks\",\"@id\":\"https:\/\/ndermjetesimi.com\/#\/schema\/person\/70bfbc0e2cd33e62ac072e993cb63c4d\"},\"headline\":\"Sundim i Ligjit &#8211; Zhvillim Ekonomik &#8211; Jet\u00eb m\u00eb e mir\u00eb!\",\"datePublished\":\"2023-01-21T16:09:30+00:00\",\"dateModified\":\"2023-01-21T16:23:18+00:00\",\"mainEntityOfPage\":{\"@id\":\"https:\/\/ndermjetesimi.com\/sundim-i-ligjit-zhvillim-ekonomik-jete-me-e-mire\/\"},\"wordCount\":164,\"commentCount\":0,\"publisher\":{\"@id\":\"https:\/\/ndermjetesimi.com\/#organization\"},\"articleSection\":[\"Njoftime\"],\"inLanguage\":\"sr-RS\",\"potentialAction\":[{\"@type\":\"CommentAction\",\"name\":\"Comment\",\"target\":[\"https:\/\/ndermjetesimi.com\/sundim-i-ligjit-zhvillim-ekonomik-jete-me-e-mire\/#respond\"]}]},{\"@type\":\"WebPage\",\"@id\":\"https:\/\/ndermjetesimi.com\/sundim-i-ligjit-zhvillim-ekonomik-jete-me-e-mire\/\",\"url\":\"https:\/\/ndermjetesimi.com\/sundim-i-ligjit-zhvillim-ekonomik-jete-me-e-mire\/\",\"name\":\"Sundim i Ligjit - Zhvillim Ekonomik - Jet\u00eb m\u00eb e mir\u00eb! - Oda e Nd\u00ebrmjet\u00ebsuesve t\u00eb Kosov\u00ebs\",\"isPartOf\":{\"@id\":\"https:\/\/ndermjetesimi.com\/#website\"},\"datePublished\":\"2023-01-21T16:09:30+00:00\",\"dateModified\":\"2023-01-21T16:23:18+00:00\",\"breadcrumb\":{\"@id\":\"https:\/\/ndermjetesimi.com\/sundim-i-ligjit-zhvillim-ekonomik-jete-me-e-mire\/#breadcrumb\"},\"inLanguage\":\"sr-RS\",\"potentialAction\":[{\"@type\":\"ReadAction\",\"target\":[\"https:\/\/ndermjetesimi.com\/sundim-i-ligjit-zhvillim-ekonomik-jete-me-e-mire\/\"]}]},{\"@type\":\"BreadcrumbList\",\"@id\":\"https:\/\/ndermjetesimi.com\/sundim-i-ligjit-zhvillim-ekonomik-jete-me-e-mire\/#breadcrumb\",\"itemListElement\":[{\"@type\":\"ListItem\",\"position\":1,\"name\":\"Home\",\"item\":\"https:\/\/ndermjetesimi.com\/\"},{\"@type\":\"ListItem\",\"position\":2,\"name\":\"Sundim i Ligjit &#8211; Zhvillim Ekonomik &#8211; Jet\u00eb m\u00eb e mir\u00eb!\"}]},{\"@type\":\"WebSite\",\"@id\":\"https:\/\/ndermjetesimi.com\/#website\",\"url\":\"https:\/\/ndermjetesimi.com\/\",\"name\":\"Oda e Nd\u00ebrmjet\u00ebsuesve t\u00eb Kosov\u00ebs\",\"description\":\"\",\"publisher\":{\"@id\":\"https:\/\/ndermjetesimi.com\/#organization\"},\"potentialAction\":[{\"@type\":\"SearchAction\",\"target\":{\"@type\":\"EntryPoint\",\"urlTemplate\":\"https:\/\/ndermjetesimi.com\/?s={search_term_string}\"},\"query-input\":\"required name=search_term_string\"}],\"inLanguage\":\"sr-RS\"},{\"@type\":\"Organization\",\"@id\":\"https:\/\/ndermjetesimi.com\/#organization\",\"name\":\"Oda e Nd\u00ebrmjet\u00ebsuesve t\u00eb Kosov\u00ebs\",\"url\":\"https:\/\/ndermjetesimi.com\/\",\"logo\":{\"@type\":\"ImageObject\",\"inLanguage\":\"sr-RS\",\"@id\":\"https:\/\/ndermjetesimi.com\/#\/schema\/logo\/image\/\",\"url\":\"https:\/\/ndermjetesimi.com\/wp-content\/uploads\/2022\/08\/cropped-Oda-form.png\",\"contentUrl\":\"https:\/\/ndermjetesimi.com\/wp-content\/uploads\/2022\/08\/cropped-Oda-form.png\",\"width\":1676,\"height\":404,\"caption\":\"Oda e Nd\u00ebrmjet\u00ebsuesve t\u00eb Kosov\u00ebs\"},\"image\":{\"@id\":\"https:\/\/ndermjetesimi.com\/#\/schema\/logo\/image\/\"},\"sameAs\":[\"https:\/\/www.facebook.com\/profile.php?id=100070871208708\"]},{\"@type\":\"Person\",\"@id\":\"https:\/\/ndermjetesimi.com\/#\/schema\/person\/70bfbc0e2cd33e62ac072e993cb63c4d\",\"name\":\"ndermjetesimi.rks\",\"image\":{\"@type\":\"ImageObject\",\"inLanguage\":\"sr-RS\",\"@id\":\"https:\/\/ndermjetesimi.com\/#\/schema\/person\/image\/\",\"url\":\"https:\/\/secure.gravatar.com\/avatar\/b5631fd6854d4be128d47f3ba3b7e90d?s=96&d=mm&r=g\",\"contentUrl\":\"https:\/\/secure.gravatar.com\/avatar\/b5631fd6854d4be128d47f3ba3b7e90d?s=96&d=mm&r=g\",\"caption\":\"ndermjetesimi.rks\"},\"sameAs\":[\"https:\/\/ndermjetesimi.com\"],\"url\":\"https:\/\/ndermjetesimi.com\/sr\/author\/ndermjetesimi-rks\/\"}]}<\/script>\n<!-- \/ Yoast SEO plugin. -->","yoast_head_json":{"title":"Sundim i Ligjit - Zhvillim Ekonomik - Jet\u00eb m\u00eb e mir\u00eb! - Oda e Nd\u00ebrmjet\u00ebsuesve t\u00eb Kosov\u00ebs","robots":{"index":"index","follow":"follow","max-snippet":"max-snippet:-1","max-image-preview":"max-image-preview:large","max-video-preview":"max-video-preview:-1"},"canonical":"https:\/\/ndermjetesimi.com\/sr\/sundim-i-ligjit-zhvillim-ekonomik-jete-me-e-mire\/","og_locale":"sr_RS","og_type":"article","og_title":"Sundim i Ligjit - Zhvillim Ekonomik - Jet\u00eb m\u00eb e mir\u00eb! - Oda e Nd\u00ebrmjet\u00ebsuesve t\u00eb Kosov\u00ebs","og_description":"Bizneset kosovare dhe investitor\u00ebt e huaj tani kan\u00eb mund\u00ebsin\u00eb q\u00eb kontestet e tyre t\u2019i trajtojn\u00eb n\u00eb Gjykat\u00ebn Komerciale. Gjykata Komerciale ofron siguri juridike, procese t\u00eb besueshme dhe t\u00eb parashikueshme gjyq\u00ebsore, ajo funksionon n\u00eb m\u00ebnyr\u00eb t\u00eb shpejt\u00eb dhe efikase p\u00ebr t\u00eb siguruar zgjidhjen n\u00eb koh\u00eb t\u00eb kontesteve komerciale. Kjo Gjykat\u00eb sjell\u00eb profesionaliz\u00ebm dhe efikasitet, leht\u00ebson m\u00ebnyr\u00ebn &hellip; Sundim i Ligjit &#8211; Zhvillim Ekonomik &#8211; Jet\u00eb m\u00eb e mir\u00eb! \u041f\u0440\u043e\u0447\u0438\u0442\u0430\u0458 \u0432\u0438\u0448\u0435 &raquo;","og_url":"https:\/\/ndermjetesimi.com\/sr\/sundim-i-ligjit-zhvillim-ekonomik-jete-me-e-mire\/","og_site_name":"Oda e Nd\u00ebrmjet\u00ebsuesve t\u00eb Kosov\u00ebs","article_publisher":"https:\/\/www.facebook.com\/profile.php?id=100070871208708","article_published_time":"2023-01-21T16:09:30+00:00","article_modified_time":"2023-01-21T16:23:18+00:00","og_image":[{"width":295,"height":171,"url":"https:\/\/ndermjetesimi.com\/wp-content\/uploads\/2023\/01\/download.jpg","type":"image\/jpeg"}],"author":"ndermjetesimi.rks","twitter_card":"summary_large_image","twitter_misc":{"\u041d\u0430\u043f\u0438\u0441\u0430\u043d\u043e \u043e\u0434":"ndermjetesimi.rks","\u041f\u0440\u043e\u0446\u0435\u045a\u0435\u043d\u043e \u0432\u0440\u0435\u043c\u0435 \u0447\u0438\u0442\u0430\u045a\u0430":"1 \u043c\u0438\u043d\u0443\u0442"},"schema":{"@context":"https:\/\/schema.org","@graph":[{"@type":"Article","@id":"https:\/\/ndermjetesimi.com\/sundim-i-ligjit-zhvillim-ekonomik-jete-me-e-mire\/#article","isPartOf":{"@id":"https:\/\/ndermjetesimi.com\/sundim-i-ligjit-zhvillim-ekonomik-jete-me-e-mire\/"},"author":{"name":"ndermjetesimi.rks","@id":"https:\/\/ndermjetesimi.com\/#\/schema\/person\/70bfbc0e2cd33e62ac072e993cb63c4d"},"headline":"Sundim i Ligjit &#8211; Zhvillim Ekonomik &#8211; Jet\u00eb m\u00eb e mir\u00eb!","datePublished":"2023-01-21T16:09:30+00:00","dateModified":"2023-01-21T16:23:18+00:00","mainEntityOfPage":{"@id":"https:\/\/ndermjetesimi.com\/sundim-i-ligjit-zhvillim-ekonomik-jete-me-e-mire\/"},"wordCount":164,"commentCount":0,"publisher":{"@id":"https:\/\/ndermjetesimi.com\/#organization"},"articleSection":["Njoftime"],"inLanguage":"sr-RS","potentialAction":[{"@type":"CommentAction","name":"Comment","target":["https:\/\/ndermjetesimi.com\/sundim-i-ligjit-zhvillim-ekonomik-jete-me-e-mire\/#respond"]}]},{"@type":"WebPage","@id":"https:\/\/ndermjetesimi.com\/sundim-i-ligjit-zhvillim-ekonomik-jete-me-e-mire\/","url":"https:\/\/ndermjetesimi.com\/sundim-i-ligjit-zhvillim-ekonomik-jete-me-e-mire\/","name":"Sundim i Ligjit - Zhvillim Ekonomik - Jet\u00eb m\u00eb e mir\u00eb! - Oda e Nd\u00ebrmjet\u00ebsuesve t\u00eb Kosov\u00ebs","isPartOf":{"@id":"https:\/\/ndermjetesimi.com\/#website"},"datePublished":"2023-01-21T16:09:30+00:00","dateModified":"2023-01-21T16:23:18+00:00","breadcrumb":{"@id":"https:\/\/ndermjetesimi.com\/sundim-i-ligjit-zhvillim-ekonomik-jete-me-e-mire\/#breadcrumb"},"inLanguage":"sr-RS","potentialAction":[{"@type":"ReadAction","target":["https:\/\/ndermjetesimi.com\/sundim-i-ligjit-zhvillim-ekonomik-jete-me-e-mire\/"]}]},{"@type":"BreadcrumbList","@id":"https:\/\/ndermjetesimi.com\/sundim-i-ligjit-zhvillim-ekonomik-jete-me-e-mire\/#breadcrumb","itemListElement":[{"@type":"ListItem","position":1,"name":"Home","item":"https:\/\/ndermjetesimi.com\/"},{"@type":"ListItem","position":2,"name":"Sundim i Ligjit &#8211; Zhvillim Ekonomik &#8211; Jet\u00eb m\u00eb e mir\u00eb!"}]},{"@type":"WebSite","@id":"https:\/\/ndermjetesimi.com\/#website","url":"https:\/\/ndermjetesimi.com\/","name":"Oda e Nd\u00ebrmjet\u00ebsuesve t\u00eb Kosov\u00ebs","description":"","publisher":{"@id":"https:\/\/ndermjetesimi.com\/#organization"},"potentialAction":[{"@type":"SearchAction","target":{"@type":"EntryPoint","urlTemplate":"https:\/\/ndermjetesimi.com\/?s={search_term_string}"},"query-input":"required name=search_term_string"}],"inLanguage":"sr-RS"},{"@type":"Organization","@id":"https:\/\/ndermjetesimi.com\/#organization","name":"Oda e Nd\u00ebrmjet\u00ebsuesve t\u00eb Kosov\u00ebs","url":"https:\/\/ndermjetesimi.com\/","logo":{"@type":"ImageObject","inLanguage":"sr-RS","@id":"https:\/\/ndermjetesimi.com\/#\/schema\/logo\/image\/","url":"https:\/\/ndermjetesimi.com\/wp-content\/uploads\/2022\/08\/cropped-Oda-form.png","contentUrl":"https:\/\/ndermjetesimi.com\/wp-content\/uploads\/2022\/08\/cropped-Oda-form.png","width":1676,"height":404,"caption":"Oda e Nd\u00ebrmjet\u00ebsuesve t\u00eb Kosov\u00ebs"},"image":{"@id":"https:\/\/ndermjetesimi.com\/#\/schema\/logo\/image\/"},"sameAs":["https:\/\/www.facebook.com\/profile.php?id=100070871208708"]},{"@type":"Person","@id":"https:\/\/ndermjetesimi.com\/#\/schema\/person\/70bfbc0e2cd33e62ac072e993cb63c4d","name":"ndermjetesimi.rks","image":{"@type":"ImageObject","inLanguage":"sr-RS","@id":"https:\/\/ndermjetesimi.com\/#\/schema\/person\/image\/","url":"https:\/\/secure.gravatar.com\/avatar\/b5631fd6854d4be128d47f3ba3b7e90d?s=96&d=mm&r=g","contentUrl":"https:\/\/secure.gravatar.com\/avatar\/b5631fd6854d4be128d47f3ba3b7e90d?s=96&d=mm&r=g","caption":"ndermjetesimi.rks"},"sameAs":["https:\/\/ndermjetesimi.com"],"url":"https:\/\/ndermjetesimi.com\/sr\/author\/ndermjetesimi-rks\/"}]}},"_links":{"self":[{"href":"https:\/\/ndermjetesimi.com\/sr\/wp-json\/wp\/v2\/posts\/2646"}],"collection":[{"href":"https:\/\/ndermjetesimi.com\/sr\/wp-json\/wp\/v2\/posts"}],"about":[{"href":"https:\/\/ndermjetesimi.com\/sr\/wp-json\/wp\/v2\/types\/post"}],"author":[{"embeddable":true,"href":"https:\/\/ndermjetesimi.com\/sr\/wp-json\/wp\/v2\/users\/1"}],"replies":[{"embeddable":true,"href":"https:\/\/ndermjetesimi.com\/sr\/wp-json\/wp\/v2\/comments?post=2646"}],"version-history":[{"count":1,"href":"https:\/\/ndermjetesimi.com\/sr\/wp-json\/wp\/v2\/posts\/2646\/revisions"}],"predecessor-version":[{"id":2648,"href":"https:\/\/ndermjetesimi.com\/sr\/wp-json\/wp\/v2\/posts\/2646\/revisions\/2648"}],"wp:featuredmedia":[{"embeddable":true,"href":"https:\/\/ndermjetesimi.com\/sr\/wp-json\/wp\/v2\/media\/2647"}],"wp:attachment":[{"href":"https:\/\/ndermjetesimi.com\/sr\/wp-json\/wp\/v2\/media?parent=2646"}],"wp:term":[{"taxonomy":"category","embeddable":true,"href":"https:\/\/ndermjetesimi.com\/sr\/wp-json\/wp\/v2\/categories?post=2646"},{"taxonomy":"post_tag","embeddable":true,"href":"https:\/\/ndermjetesimi.com\/sr\/wp-json\/wp\/v2\/tags?post=2646"}],"curies":[{"name":"wp","href":"https:\/\/api.w.org\/{rel}","templated":true}]}}