{"id":2809,"date":"2024-08-15T11:28:49","date_gmt":"2024-08-15T09:28:49","guid":{"rendered":"https:\/\/ndermjetesimi.com\/?p=2809"},"modified":"2024-08-15T11:36:26","modified_gmt":"2024-08-15T09:36:26","slug":"akk-takim-me-oden-e-ndermjetesuesve","status":"publish","type":"post","link":"https:\/\/ndermjetesimi.com\/en\/akk-takim-me-oden-e-ndermjetesuesve\/","title":{"rendered":"AKK takim me Od\u00ebn e Nd\u00ebrmjet\u00ebsuesve"},"content":{"rendered":"<p>Me dat\u00eb 07.08.2024, Drejtori Ekzekutiv i AKK-s\u00eb Avni Ahmeti priti n\u00eb takim Kryetaren e Od\u00ebs s\u00eb Nd\u00ebrmjet\u00ebsuesve t\u00eb Kosov\u00ebs, Ganimete Xhelili.<\/p>\n\n\n\n<p>N\u00eb takim u diskutua p\u00ebr zhvillimet e fundit n\u00eb AKK dhe mund\u00ebsit\u00eb e ofrimit t\u00eb sh\u00ebrbimeve t\u00eb reja digjitale p\u00ebr nd\u00ebrmjet\u00ebsues. Krijimi i mund\u00ebsis\u00eb p\u00ebr regjistrimin e sh\u00ebnimit n\u00eb Regjistrin e t\u00eb drejtave pron\u00ebsore, sikurse iu \u00ebsht\u00eb mund\u00ebsuar noter\u00ebve e p\u00ebrmbaruesve do t\u00eb jet\u00eb i mundsh\u00ebm edhe p\u00ebr nd\u00ebrmjet\u00ebsues. N\u00eb nj\u00eb afat t\u00eb shkurt\u00eb kohor AKK-ja do t\u00eb p\u00ebrgatis\u00eb mund\u00ebsit\u00eb teknike p\u00ebr k\u00ebt\u00eb qasje e cila do u prezantohet n\u00eb nj\u00eb takim\/ trajnim t\u00eb p\u00ebrbashk\u00ebt t\u00eb gjith\u00eb nd\u00ebrmjet\u00ebsuesve, duke marr nga ta edhe sugjerimet dhe k\u00ebrkesat p\u00ebr p\u00ebrshtatje t\u00eb nevojave t\u00eb tyre n\u00eb k\u00ebt\u00eb sistem.<\/p>\n\n\n\n<p>Gjithashtu pjes\u00eb e diskutimit ishin edhe sfidat me t\u00eb cil\u00ebt p\u00ebrballen nd\u00ebrmjet\u00ebsuesit sot, si dhe angazhimet dhe aktivitet aktuale t\u00eb secilit institucion.<\/p>\n\n\n\n<p>Kryetarja fal\u00ebnderoi AKK-n\u00eb p\u00ebr mund\u00ebsit\u00eb e ofruara dhe bashk\u00ebpunimin e deritanish\u00ebm duke premtuar vazhdimin e praktikave t\u00eb mira bashk\u00ebpunuese edhe n\u00eb t\u00eb ardhmen.<\/p>","protected":false},"excerpt":{"rendered":"<p>Me dat\u00eb 07.08.2024, Drejtori Ekzekutiv i AKK-s\u00eb Avni Ahmeti priti n\u00eb takim Kryetaren e Od\u00ebs s\u00eb Nd\u00ebrmjet\u00ebsuesve t\u00eb Kosov\u00ebs, Ganimete Xhelili. N\u00eb takim u diskutua p\u00ebr zhvillimet e fundit n\u00eb AKK dhe mund\u00ebsit\u00eb e ofrimit t\u00eb sh\u00ebrbimeve t\u00eb reja digjitale p\u00ebr nd\u00ebrmjet\u00ebsues. Krijimi i mund\u00ebsis\u00eb p\u00ebr regjistrimin e sh\u00ebnimit n\u00eb Regjistrin e t\u00eb drejtave pron\u00ebsore, &hellip;<\/p>\n<p class=\"read-more\"> <a class=\"\" href=\"https:\/\/ndermjetesimi.com\/en\/akk-takim-me-oden-e-ndermjetesuesve\/\"> <span class=\"screen-reader-text\">AKK takim me Od\u00ebn e Nd\u00ebrmjet\u00ebsuesve<\/span> Read More &raquo;<\/a><\/p>","protected":false},"author":1,"featured_media":2810,"comment_status":"closed","ping_status":"open","sticky":false,"template":"","format":"standard","meta":{"_mi_skip_tracking":false,"site-sidebar-layout":"default","site-content-layout":"default","ast-global-header-display":"","ast-main-header-display":"","ast-hfb-above-header-display":"","ast-hfb-below-header-display":"","ast-hfb-mobile-header-display":"","site-post-title":"","ast-breadcrumbs-content":"","ast-featured-img":"","footer-sml-layout":"","theme-transparent-header-meta":"","adv-header-id-meta":"","stick-header-meta":"","header-above-stick-meta":"","header-main-stick-meta":"","header-below-stick-meta":"","footnotes":""},"categories":[15],"tags":[],"class_list":["post-2809","post","type-post","status-publish","format-standard","has-post-thumbnail","hentry","category-aktivitete"],"yoast_head":"<!-- This site is optimized with the Yoast SEO plugin v21.3 - https:\/\/yoast.com\/wordpress\/plugins\/seo\/ -->\n<title>AKK takim me Od\u00ebn e Nd\u00ebrmjet\u00ebsuesve - Oda e Nd\u00ebrmjet\u00ebsuesve t\u00eb Kosov\u00ebs<\/title>\n<meta name=\"robots\" content=\"index, follow, max-snippet:-1, max-image-preview:large, max-video-preview:-1\" \/>\n<link rel=\"canonical\" href=\"https:\/\/ndermjetesimi.com\/en\/akk-takim-me-oden-e-ndermjetesuesve\/\" \/>\n<meta property=\"og:locale\" content=\"en_GB\" \/>\n<meta property=\"og:type\" content=\"article\" \/>\n<meta property=\"og:title\" content=\"AKK takim me Od\u00ebn e Nd\u00ebrmjet\u00ebsuesve - Oda e Nd\u00ebrmjet\u00ebsuesve t\u00eb Kosov\u00ebs\" \/>\n<meta property=\"og:description\" content=\"Me dat\u00eb 07.08.2024, Drejtori Ekzekutiv i AKK-s\u00eb Avni Ahmeti priti n\u00eb takim Kryetaren e Od\u00ebs s\u00eb Nd\u00ebrmjet\u00ebsuesve t\u00eb Kosov\u00ebs, Ganimete Xhelili. N\u00eb takim u diskutua p\u00ebr zhvillimet e fundit n\u00eb AKK dhe mund\u00ebsit\u00eb e ofrimit t\u00eb sh\u00ebrbimeve t\u00eb reja digjitale p\u00ebr nd\u00ebrmjet\u00ebsues. Krijimi i mund\u00ebsis\u00eb p\u00ebr regjistrimin e sh\u00ebnimit n\u00eb Regjistrin e t\u00eb drejtave pron\u00ebsore, &hellip; AKK takim me Od\u00ebn e Nd\u00ebrmjet\u00ebsuesve Read More &raquo;\" \/>\n<meta property=\"og:url\" content=\"https:\/\/ndermjetesimi.com\/en\/akk-takim-me-oden-e-ndermjetesuesve\/\" \/>\n<meta property=\"og:site_name\" content=\"Oda e Nd\u00ebrmjet\u00ebsuesve t\u00eb Kosov\u00ebs\" \/>\n<meta property=\"article:publisher\" content=\"https:\/\/www.facebook.com\/profile.php?id=100070871208708\" \/>\n<meta property=\"article:published_time\" content=\"2024-08-15T09:28:49+00:00\" \/>\n<meta property=\"article:modified_time\" content=\"2024-08-15T09:36:26+00:00\" \/>\n<meta property=\"og:image\" content=\"https:\/\/ndermjetesimi.com\/wp-content\/uploads\/2024\/08\/KADASTRI.jpg\" \/>\n\t<meta property=\"og:image:width\" content=\"843\" \/>\n\t<meta property=\"og:image:height\" content=\"504\" \/>\n\t<meta property=\"og:image:type\" content=\"image\/jpeg\" \/>\n<meta name=\"author\" content=\"ndermjetesimi.rks\" \/>\n<meta name=\"twitter:card\" content=\"summary_large_image\" \/>\n<meta name=\"twitter:label1\" content=\"Written by\" \/>\n\t<meta name=\"twitter:data1\" content=\"ndermjetesimi.rks\" \/>\n\t<meta name=\"twitter:label2\" content=\"Estimated reading time\" \/>\n\t<meta name=\"twitter:data2\" content=\"1 minute\" \/>\n<script type=\"application\/ld+json\" class=\"yoast-schema-graph\">{\"@context\":\"https:\/\/schema.org\",\"@graph\":[{\"@type\":\"Article\",\"@id\":\"https:\/\/ndermjetesimi.com\/akk-takim-me-oden-e-ndermjetesuesve\/#article\",\"isPartOf\":{\"@id\":\"https:\/\/ndermjetesimi.com\/akk-takim-me-oden-e-ndermjetesuesve\/\"},\"author\":{\"name\":\"ndermjetesimi.rks\",\"@id\":\"https:\/\/ndermjetesimi.com\/#\/schema\/person\/70bfbc0e2cd33e62ac072e993cb63c4d\"},\"headline\":\"AKK takim me Od\u00ebn e Nd\u00ebrmjet\u00ebsuesve\",\"datePublished\":\"2024-08-15T09:28:49+00:00\",\"dateModified\":\"2024-08-15T09:36:26+00:00\",\"mainEntityOfPage\":{\"@id\":\"https:\/\/ndermjetesimi.com\/akk-takim-me-oden-e-ndermjetesuesve\/\"},\"wordCount\":212,\"publisher\":{\"@id\":\"https:\/\/ndermjetesimi.com\/#organization\"},\"articleSection\":[\"Aktivitete\"],\"inLanguage\":\"en-GB\"},{\"@type\":\"WebPage\",\"@id\":\"https:\/\/ndermjetesimi.com\/akk-takim-me-oden-e-ndermjetesuesve\/\",\"url\":\"https:\/\/ndermjetesimi.com\/akk-takim-me-oden-e-ndermjetesuesve\/\",\"name\":\"AKK takim me Od\u00ebn e Nd\u00ebrmjet\u00ebsuesve - Oda e Nd\u00ebrmjet\u00ebsuesve t\u00eb Kosov\u00ebs\",\"isPartOf\":{\"@id\":\"https:\/\/ndermjetesimi.com\/#website\"},\"datePublished\":\"2024-08-15T09:28:49+00:00\",\"dateModified\":\"2024-08-15T09:36:26+00:00\",\"breadcrumb\":{\"@id\":\"https:\/\/ndermjetesimi.com\/akk-takim-me-oden-e-ndermjetesuesve\/#breadcrumb\"},\"inLanguage\":\"en-GB\",\"potentialAction\":[{\"@type\":\"ReadAction\",\"target\":[\"https:\/\/ndermjetesimi.com\/akk-takim-me-oden-e-ndermjetesuesve\/\"]}]},{\"@type\":\"BreadcrumbList\",\"@id\":\"https:\/\/ndermjetesimi.com\/akk-takim-me-oden-e-ndermjetesuesve\/#breadcrumb\",\"itemListElement\":[{\"@type\":\"ListItem\",\"position\":1,\"name\":\"Home\",\"item\":\"https:\/\/ndermjetesimi.com\/\"},{\"@type\":\"ListItem\",\"position\":2,\"name\":\"AKK takim me Od\u00ebn e Nd\u00ebrmjet\u00ebsuesve\"}]},{\"@type\":\"WebSite\",\"@id\":\"https:\/\/ndermjetesimi.com\/#website\",\"url\":\"https:\/\/ndermjetesimi.com\/\",\"name\":\"Oda e Nd\u00ebrmjet\u00ebsuesve t\u00eb Kosov\u00ebs\",\"description\":\"\",\"publisher\":{\"@id\":\"https:\/\/ndermjetesimi.com\/#organization\"},\"potentialAction\":[{\"@type\":\"SearchAction\",\"target\":{\"@type\":\"EntryPoint\",\"urlTemplate\":\"https:\/\/ndermjetesimi.com\/?s={search_term_string}\"},\"query-input\":\"required name=search_term_string\"}],\"inLanguage\":\"en-GB\"},{\"@type\":\"Organization\",\"@id\":\"https:\/\/ndermjetesimi.com\/#organization\",\"name\":\"Oda e Nd\u00ebrmjet\u00ebsuesve t\u00eb Kosov\u00ebs\",\"url\":\"https:\/\/ndermjetesimi.com\/\",\"logo\":{\"@type\":\"ImageObject\",\"inLanguage\":\"en-GB\",\"@id\":\"https:\/\/ndermjetesimi.com\/#\/schema\/logo\/image\/\",\"url\":\"https:\/\/ndermjetesimi.com\/wp-content\/uploads\/2022\/08\/cropped-Oda-form.png\",\"contentUrl\":\"https:\/\/ndermjetesimi.com\/wp-content\/uploads\/2022\/08\/cropped-Oda-form.png\",\"width\":1676,\"height\":404,\"caption\":\"Oda e Nd\u00ebrmjet\u00ebsuesve t\u00eb Kosov\u00ebs\"},\"image\":{\"@id\":\"https:\/\/ndermjetesimi.com\/#\/schema\/logo\/image\/\"},\"sameAs\":[\"https:\/\/www.facebook.com\/profile.php?id=100070871208708\"]},{\"@type\":\"Person\",\"@id\":\"https:\/\/ndermjetesimi.com\/#\/schema\/person\/70bfbc0e2cd33e62ac072e993cb63c4d\",\"name\":\"ndermjetesimi.rks\",\"image\":{\"@type\":\"ImageObject\",\"inLanguage\":\"en-GB\",\"@id\":\"https:\/\/ndermjetesimi.com\/#\/schema\/person\/image\/\",\"url\":\"https:\/\/secure.gravatar.com\/avatar\/b5631fd6854d4be128d47f3ba3b7e90d?s=96&d=mm&r=g\",\"contentUrl\":\"https:\/\/secure.gravatar.com\/avatar\/b5631fd6854d4be128d47f3ba3b7e90d?s=96&d=mm&r=g\",\"caption\":\"ndermjetesimi.rks\"},\"sameAs\":[\"https:\/\/ndermjetesimi.com\"],\"url\":\"https:\/\/ndermjetesimi.com\/en\/author\/ndermjetesimi-rks\/\"}]}<\/script>\n<!-- \/ Yoast SEO plugin. -->","yoast_head_json":{"title":"AKK takim me Od\u00ebn e Nd\u00ebrmjet\u00ebsuesve - Oda e Nd\u00ebrmjet\u00ebsuesve t\u00eb Kosov\u00ebs","robots":{"index":"index","follow":"follow","max-snippet":"max-snippet:-1","max-image-preview":"max-image-preview:large","max-video-preview":"max-video-preview:-1"},"canonical":"https:\/\/ndermjetesimi.com\/en\/akk-takim-me-oden-e-ndermjetesuesve\/","og_locale":"en_GB","og_type":"article","og_title":"AKK takim me Od\u00ebn e Nd\u00ebrmjet\u00ebsuesve - Oda e Nd\u00ebrmjet\u00ebsuesve t\u00eb Kosov\u00ebs","og_description":"Me dat\u00eb 07.08.2024, Drejtori Ekzekutiv i AKK-s\u00eb Avni Ahmeti priti n\u00eb takim Kryetaren e Od\u00ebs s\u00eb Nd\u00ebrmjet\u00ebsuesve t\u00eb Kosov\u00ebs, Ganimete Xhelili. N\u00eb takim u diskutua p\u00ebr zhvillimet e fundit n\u00eb AKK dhe mund\u00ebsit\u00eb e ofrimit t\u00eb sh\u00ebrbimeve t\u00eb reja digjitale p\u00ebr nd\u00ebrmjet\u00ebsues. Krijimi i mund\u00ebsis\u00eb p\u00ebr regjistrimin e sh\u00ebnimit n\u00eb Regjistrin e t\u00eb drejtave pron\u00ebsore, &hellip; AKK takim me Od\u00ebn e Nd\u00ebrmjet\u00ebsuesve Read More &raquo;","og_url":"https:\/\/ndermjetesimi.com\/en\/akk-takim-me-oden-e-ndermjetesuesve\/","og_site_name":"Oda e Nd\u00ebrmjet\u00ebsuesve t\u00eb Kosov\u00ebs","article_publisher":"https:\/\/www.facebook.com\/profile.php?id=100070871208708","article_published_time":"2024-08-15T09:28:49+00:00","article_modified_time":"2024-08-15T09:36:26+00:00","og_image":[{"width":843,"height":504,"url":"https:\/\/ndermjetesimi.com\/wp-content\/uploads\/2024\/08\/KADASTRI.jpg","type":"image\/jpeg"}],"author":"ndermjetesimi.rks","twitter_card":"summary_large_image","twitter_misc":{"Written by":"ndermjetesimi.rks","Estimated reading time":"1 minute"},"schema":{"@context":"https:\/\/schema.org","@graph":[{"@type":"Article","@id":"https:\/\/ndermjetesimi.com\/akk-takim-me-oden-e-ndermjetesuesve\/#article","isPartOf":{"@id":"https:\/\/ndermjetesimi.com\/akk-takim-me-oden-e-ndermjetesuesve\/"},"author":{"name":"ndermjetesimi.rks","@id":"https:\/\/ndermjetesimi.com\/#\/schema\/person\/70bfbc0e2cd33e62ac072e993cb63c4d"},"headline":"AKK takim me Od\u00ebn e Nd\u00ebrmjet\u00ebsuesve","datePublished":"2024-08-15T09:28:49+00:00","dateModified":"2024-08-15T09:36:26+00:00","mainEntityOfPage":{"@id":"https:\/\/ndermjetesimi.com\/akk-takim-me-oden-e-ndermjetesuesve\/"},"wordCount":212,"publisher":{"@id":"https:\/\/ndermjetesimi.com\/#organization"},"articleSection":["Aktivitete"],"inLanguage":"en-GB"},{"@type":"WebPage","@id":"https:\/\/ndermjetesimi.com\/akk-takim-me-oden-e-ndermjetesuesve\/","url":"https:\/\/ndermjetesimi.com\/akk-takim-me-oden-e-ndermjetesuesve\/","name":"AKK takim me Od\u00ebn e Nd\u00ebrmjet\u00ebsuesve - Oda e Nd\u00ebrmjet\u00ebsuesve t\u00eb Kosov\u00ebs","isPartOf":{"@id":"https:\/\/ndermjetesimi.com\/#website"},"datePublished":"2024-08-15T09:28:49+00:00","dateModified":"2024-08-15T09:36:26+00:00","breadcrumb":{"@id":"https:\/\/ndermjetesimi.com\/akk-takim-me-oden-e-ndermjetesuesve\/#breadcrumb"},"inLanguage":"en-GB","potentialAction":[{"@type":"ReadAction","target":["https:\/\/ndermjetesimi.com\/akk-takim-me-oden-e-ndermjetesuesve\/"]}]},{"@type":"BreadcrumbList","@id":"https:\/\/ndermjetesimi.com\/akk-takim-me-oden-e-ndermjetesuesve\/#breadcrumb","itemListElement":[{"@type":"ListItem","position":1,"name":"Home","item":"https:\/\/ndermjetesimi.com\/"},{"@type":"ListItem","position":2,"name":"AKK takim me Od\u00ebn e Nd\u00ebrmjet\u00ebsuesve"}]},{"@type":"WebSite","@id":"https:\/\/ndermjetesimi.com\/#website","url":"https:\/\/ndermjetesimi.com\/","name":"Oda e Nd\u00ebrmjet\u00ebsuesve t\u00eb Kosov\u00ebs","description":"","publisher":{"@id":"https:\/\/ndermjetesimi.com\/#organization"},"potentialAction":[{"@type":"SearchAction","target":{"@type":"EntryPoint","urlTemplate":"https:\/\/ndermjetesimi.com\/?s={search_term_string}"},"query-input":"required name=search_term_string"}],"inLanguage":"en-GB"},{"@type":"Organization","@id":"https:\/\/ndermjetesimi.com\/#organization","name":"Oda e Nd\u00ebrmjet\u00ebsuesve t\u00eb Kosov\u00ebs","url":"https:\/\/ndermjetesimi.com\/","logo":{"@type":"ImageObject","inLanguage":"en-GB","@id":"https:\/\/ndermjetesimi.com\/#\/schema\/logo\/image\/","url":"https:\/\/ndermjetesimi.com\/wp-content\/uploads\/2022\/08\/cropped-Oda-form.png","contentUrl":"https:\/\/ndermjetesimi.com\/wp-content\/uploads\/2022\/08\/cropped-Oda-form.png","width":1676,"height":404,"caption":"Oda e Nd\u00ebrmjet\u00ebsuesve t\u00eb Kosov\u00ebs"},"image":{"@id":"https:\/\/ndermjetesimi.com\/#\/schema\/logo\/image\/"},"sameAs":["https:\/\/www.facebook.com\/profile.php?id=100070871208708"]},{"@type":"Person","@id":"https:\/\/ndermjetesimi.com\/#\/schema\/person\/70bfbc0e2cd33e62ac072e993cb63c4d","name":"ndermjetesimi.rks","image":{"@type":"ImageObject","inLanguage":"en-GB","@id":"https:\/\/ndermjetesimi.com\/#\/schema\/person\/image\/","url":"https:\/\/secure.gravatar.com\/avatar\/b5631fd6854d4be128d47f3ba3b7e90d?s=96&d=mm&r=g","contentUrl":"https:\/\/secure.gravatar.com\/avatar\/b5631fd6854d4be128d47f3ba3b7e90d?s=96&d=mm&r=g","caption":"ndermjetesimi.rks"},"sameAs":["https:\/\/ndermjetesimi.com"],"url":"https:\/\/ndermjetesimi.com\/en\/author\/ndermjetesimi-rks\/"}]}},"_links":{"self":[{"href":"https:\/\/ndermjetesimi.com\/en\/wp-json\/wp\/v2\/posts\/2809"}],"collection":[{"href":"https:\/\/ndermjetesimi.com\/en\/wp-json\/wp\/v2\/posts"}],"about":[{"href":"https:\/\/ndermjetesimi.com\/en\/wp-json\/wp\/v2\/types\/post"}],"author":[{"embeddable":true,"href":"https:\/\/ndermjetesimi.com\/en\/wp-json\/wp\/v2\/users\/1"}],"replies":[{"embeddable":true,"href":"https:\/\/ndermjetesimi.com\/en\/wp-json\/wp\/v2\/comments?post=2809"}],"version-history":[{"count":2,"href":"https:\/\/ndermjetesimi.com\/en\/wp-json\/wp\/v2\/posts\/2809\/revisions"}],"predecessor-version":[{"id":2813,"href":"https:\/\/ndermjetesimi.com\/en\/wp-json\/wp\/v2\/posts\/2809\/revisions\/2813"}],"wp:featuredmedia":[{"embeddable":true,"href":"https:\/\/ndermjetesimi.com\/en\/wp-json\/wp\/v2\/media\/2810"}],"wp:attachment":[{"href":"https:\/\/ndermjetesimi.com\/en\/wp-json\/wp\/v2\/media?parent=2809"}],"wp:term":[{"taxonomy":"category","embeddable":true,"href":"https:\/\/ndermjetesimi.com\/en\/wp-json\/wp\/v2\/categories?post=2809"},{"taxonomy":"post_tag","embeddable":true,"href":"https:\/\/ndermjetesimi.com\/en\/wp-json\/wp\/v2\/tags?post=2809"}],"curies":[{"name":"wp","href":"https:\/\/api.w.org\/{rel}","templated":true}]}}