{"id":2755,"date":"2023-10-13T15:00:17","date_gmt":"2023-10-13T13:00:17","guid":{"rendered":"https:\/\/ndermjetesimi.com\/?p=2755"},"modified":"2023-10-16T18:56:31","modified_gmt":"2023-10-16T16:56:31","slug":"oda-e-ndermjetesuesve-te-kosoves-dhe-byroja-kosovare-e-sigurimit-thellojne-bashkepunimin-ne-fushen-e-ndermjetesimit","status":"publish","type":"post","link":"https:\/\/ndermjetesimi.com\/en\/oda-e-ndermjetesuesve-te-kosoves-dhe-byroja-kosovare-e-sigurimit-thellojne-bashkepunimin-ne-fushen-e-ndermjetesimit\/","title":{"rendered":"Oda e Nd\u00ebrmjet\u00ebsuesve t\u00eb Kosov\u00ebs dhe Byroja Kosovare e Sigurimit thellojn\u00eb bashk\u00ebpunimin n\u00eb fush\u00ebn e nd\u00ebrmjet\u00ebsimit"},"content":{"rendered":"<p>Prishtin\u00eb, 13 tetor 2023 \u2013 Oda e Nd\u00ebrmjet\u00ebsuesve t\u00eb Kosov\u00ebs dhe Byroja Kosovare e Sigurimit thellojn\u00eb bashk\u00ebpunimin n\u00eb fush\u00ebn e nd\u00ebrmjet\u00ebsimit, e cila \u00ebsht\u00eb nj\u00eb m\u00ebnyr\u00eb alternative dhe efikase e zgjidhjes s\u00eb kontesteve.<\/p>\n\n\n\n<p>Kryetarja e Od\u00ebs s\u00eb Nd\u00ebrmjet\u00ebsuesve t\u00eb Kosov\u00ebs znj.Ganimete Xhelili dhe Drejtori Ekzekutiv i Byros Kosovare t\u00eb Sigurimeve z. Sami Mazreku formalizuan Marr\u00ebveshje Bashk\u00ebpunimi nd\u00ebrmjet ONDK dhe BKS. Marr\u00ebveshje s\u00eb cil\u00ebs i paraprin\u00eb dhe klauzola e nd\u00ebrmjet\u00ebsimit n\u00eb kontrat\u00eb t\u00eb sigurimit, cila ka hyr\u00eb n\u00eb funksion t\u00eb p\u00ebrdorimit n\u00eb gusht t\u00eb vitit 2022 nga m\u00eb shum\u00eb se 450 mij\u00eb polic\u00eb-mbajt\u00ebs n\u00eb vendin ton\u00eb dhe e cila po rezulton me efekte pozitive.<\/p>\n\n\n\n<p>Bashk\u00ebpunimi nd\u00ebrmjet t\u00eb dyja Pal\u00ebve, sipas k\u00ebtij Memorandumi t\u00eb Bashk\u00ebpunimit, bazohet n\u00eb interesin e p\u00ebrbashk\u00ebt p\u00ebr t\u00eb shk\u00ebmbyer informacione, p\u00ebr t\u00eb bashk\u00ebpunuar n\u00eb organizimin m\u00eb t\u00eb mir\u00eb t\u00eb aktiviteteve q\u00eb kan\u00eb t\u00eb b\u00ebjn\u00eb me trajnimet lidhur me nd\u00ebrmjet\u00ebsimin, promovimin e nd\u00ebrmjet\u00ebsimit, mbledhjen e t\u00eb dh\u00ebnave, statistikave, vler\u00ebsimeve dhe aktiviteteve t\u00eb tjera kurdo q\u00eb kjo \u00ebsht\u00eb e p\u00ebrshtatshme dhe e zbatueshme, me kompanit\u00eb e sigurimeve t\u00eb p\u00ebrfshira, nd\u00ebrmjet\u00ebsues dhe gjyqtar\u00eb, etj.<\/p>\n\n\n\n<p>T\u00eb dyja Pal\u00ebt konsiderojn\u00eb se \u00ebsht\u00eb n\u00eb interesin e tyre t\u00eb p\u00ebrbashk\u00ebt q\u00eb t&#8217;i ofrojn\u00eb nj\u00ebra-tjetr\u00ebs ndihm\u00eb lidhur me ligjet q\u00eb prekin bizneset dhe politikat, me q\u00ebllim t\u00eb shk\u00ebmbimit t\u00eb p\u00ebrvoj\u00ebs dhe pik\u00ebpamjeve.<\/p>\n\n\n\n<p>N\u00eb var\u00ebsi t\u00eb burimeve t\u00eb arsyeshme t\u00eb disponueshme t\u00eb t\u00eb dyja Pal\u00ebve, k\u00ebto iniciativa mund t\u00eb p\u00ebrfshijn\u00eb, mes tjerash:<\/p>\n\n\n\n<ul class=\"wp-block-list\">\n<li>Bashk\u00ebpunimin p\u00ebr t\u00eb koordinuar aktivitetet e politikave, avokimit dhe promovimit t\u00eb nd\u00ebrmjet\u00ebsimit.<\/li>\n\n\n\n<li>Asistenc\u00ebn n\u00eb promovimin dhe organizimin e tryezave t\u00eb rrumbullak\u00ebta t\u00eb nd\u00ebrgjegj\u00ebsimit dhe diskutimeve, t\u00eb trajnimeve dhe iniciativave t\u00eb ngjashme p\u00ebr t\u00eb promovuar nd\u00ebrmjet\u00ebsimin.<\/li>\n\n\n\n<li>Bashk\u00ebpunimin p\u00ebr vler\u00ebsimin e vazhduesh\u00ebm dhe eliminimin e pengesave t\u00eb ofrimit t\u00eb sh\u00ebrbimeve t\u00eb nd\u00ebrmjet\u00ebsimit.<\/li>\n\n\n\n<li>Angazhimin aktiv p\u00ebr vler\u00ebsimin e nevojave t\u00eb nd\u00ebrmjet\u00ebsimit dhe p\u00ebrdorimin e nd\u00ebrmjet\u00ebsimit.<\/li>\n\n\n\n<li>Ofrimin e listave t\u00eb nd\u00ebrmjet\u00ebsuesve dhe shp\u00ebrndarjen e tyre n\u00eb BKS dhe kompani t\u00eb sigurimeve, p\u00ebr rastet me vet-inicim.<\/li>\n\n\n\n<li>Rolin aktiv p\u00ebr adresimin e rekomandimeve dhe avancimin e ofrimit t\u00eb sh\u00ebrbimeve t\u00eb nd\u00ebrmjet\u00ebsimit.<\/li>\n<\/ul>\n\n\n\n<p>Zgjidhja me nd\u00ebrmjet\u00ebsim kursen koh\u00ebn, ka kosto m\u00eb t\u00eb ul\u00ebt, ruan raportet n\u00eb mes pal\u00ebve\/bizneseve n\u00eb kontest dhe zvog\u00eblon numrin e rasteve t\u00eb pazgjidhura n\u00ebp\u00ebr gjykata.<\/p>\n\n\n\n<figure class=\"wp-block-gallery has-nested-images columns-default is-cropped wp-block-gallery-1 is-layout-flex wp-block-gallery-is-layout-flex\"><\/figure>","protected":false},"excerpt":{"rendered":"<p>Prishtin\u00eb, 13 tetor 2023 \u2013 Oda e Nd\u00ebrmjet\u00ebsuesve t\u00eb Kosov\u00ebs dhe Byroja Kosovare e Sigurimit thellojn\u00eb bashk\u00ebpunimin n\u00eb fush\u00ebn e nd\u00ebrmjet\u00ebsimit, e cila \u00ebsht\u00eb nj\u00eb m\u00ebnyr\u00eb alternative dhe efikase e zgjidhjes s\u00eb kontesteve. Kryetarja e Od\u00ebs s\u00eb Nd\u00ebrmjet\u00ebsuesve t\u00eb Kosov\u00ebs znj.Ganimete Xhelili dhe Drejtori Ekzekutiv i Byros Kosovare t\u00eb Sigurimeve z. Sami Mazreku formalizuan Marr\u00ebveshje &hellip;<\/p>\n<p class=\"read-more\"> <a class=\"\" href=\"https:\/\/ndermjetesimi.com\/en\/oda-e-ndermjetesuesve-te-kosoves-dhe-byroja-kosovare-e-sigurimit-thellojne-bashkepunimin-ne-fushen-e-ndermjetesimit\/\"> <span class=\"screen-reader-text\">Oda e Nd\u00ebrmjet\u00ebsuesve t\u00eb Kosov\u00ebs dhe Byroja Kosovare e Sigurimit thellojn\u00eb bashk\u00ebpunimin n\u00eb fush\u00ebn e nd\u00ebrmjet\u00ebsimit<\/span> Read More &raquo;<\/a><\/p>","protected":false},"author":1,"featured_media":2759,"comment_status":"closed","ping_status":"open","sticky":false,"template":"","format":"standard","meta":{"_mi_skip_tracking":false,"site-sidebar-layout":"default","site-content-layout":"default","ast-global-header-display":"","ast-main-header-display":"","ast-hfb-above-header-display":"","ast-hfb-below-header-display":"","ast-hfb-mobile-header-display":"","site-post-title":"","ast-breadcrumbs-content":"","ast-featured-img":"disabled","footer-sml-layout":"","theme-transparent-header-meta":"","adv-header-id-meta":"","stick-header-meta":"","header-above-stick-meta":"","header-main-stick-meta":"","header-below-stick-meta":"","footnotes":""},"categories":[15],"tags":[],"class_list":["post-2755","post","type-post","status-publish","format-standard","has-post-thumbnail","hentry","category-aktivitete"],"yoast_head":"<!-- This site is optimized with the Yoast SEO plugin v21.3 - https:\/\/yoast.com\/wordpress\/plugins\/seo\/ -->\n<title>Oda e Nd\u00ebrmjet\u00ebsuesve t\u00eb Kosov\u00ebs dhe Byroja Kosovare e Sigurimit thellojn\u00eb bashk\u00ebpunimin n\u00eb fush\u00ebn e nd\u00ebrmjet\u00ebsimit - Oda e Nd\u00ebrmjet\u00ebsuesve t\u00eb Kosov\u00ebs<\/title>\n<meta name=\"robots\" content=\"index, follow, max-snippet:-1, max-image-preview:large, max-video-preview:-1\" \/>\n<link rel=\"canonical\" href=\"https:\/\/ndermjetesimi.com\/en\/oda-e-ndermjetesuesve-te-kosoves-dhe-byroja-kosovare-e-sigurimit-thellojne-bashkepunimin-ne-fushen-e-ndermjetesimit\/\" \/>\n<meta property=\"og:locale\" content=\"en_GB\" \/>\n<meta property=\"og:type\" content=\"article\" \/>\n<meta property=\"og:title\" content=\"Oda e Nd\u00ebrmjet\u00ebsuesve t\u00eb Kosov\u00ebs dhe Byroja Kosovare e Sigurimit thellojn\u00eb bashk\u00ebpunimin n\u00eb fush\u00ebn e nd\u00ebrmjet\u00ebsimit - Oda e Nd\u00ebrmjet\u00ebsuesve t\u00eb Kosov\u00ebs\" \/>\n<meta property=\"og:description\" content=\"Prishtin\u00eb, 13 tetor 2023 \u2013 Oda e Nd\u00ebrmjet\u00ebsuesve t\u00eb Kosov\u00ebs dhe Byroja Kosovare e Sigurimit thellojn\u00eb bashk\u00ebpunimin n\u00eb fush\u00ebn e nd\u00ebrmjet\u00ebsimit, e cila \u00ebsht\u00eb nj\u00eb m\u00ebnyr\u00eb alternative dhe efikase e zgjidhjes s\u00eb kontesteve. Kryetarja e Od\u00ebs s\u00eb Nd\u00ebrmjet\u00ebsuesve t\u00eb Kosov\u00ebs znj.Ganimete Xhelili dhe Drejtori Ekzekutiv i Byros Kosovare t\u00eb Sigurimeve z. Sami Mazreku formalizuan Marr\u00ebveshje &hellip; Oda e Nd\u00ebrmjet\u00ebsuesve t\u00eb Kosov\u00ebs dhe Byroja Kosovare e Sigurimit thellojn\u00eb bashk\u00ebpunimin n\u00eb fush\u00ebn e nd\u00ebrmjet\u00ebsimit Read More &raquo;\" \/>\n<meta property=\"og:url\" content=\"https:\/\/ndermjetesimi.com\/en\/oda-e-ndermjetesuesve-te-kosoves-dhe-byroja-kosovare-e-sigurimit-thellojne-bashkepunimin-ne-fushen-e-ndermjetesimit\/\" \/>\n<meta property=\"og:site_name\" content=\"Oda e Nd\u00ebrmjet\u00ebsuesve t\u00eb Kosov\u00ebs\" \/>\n<meta property=\"article:publisher\" content=\"https:\/\/www.facebook.com\/profile.php?id=100070871208708\" \/>\n<meta property=\"article:published_time\" content=\"2023-10-13T13:00:17+00:00\" \/>\n<meta property=\"article:modified_time\" content=\"2023-10-16T16:56:31+00:00\" \/>\n<meta property=\"og:image\" content=\"https:\/\/ndermjetesimi.com\/wp-content\/uploads\/2023\/10\/2ob-1.jpg\" \/>\n\t<meta property=\"og:image:width\" content=\"1600\" \/>\n\t<meta property=\"og:image:height\" content=\"1261\" \/>\n\t<meta property=\"og:image:type\" content=\"image\/jpeg\" \/>\n<meta name=\"author\" content=\"ndermjetesimi.rks\" \/>\n<meta name=\"twitter:card\" content=\"summary_large_image\" \/>\n<meta name=\"twitter:label1\" content=\"Written by\" \/>\n\t<meta name=\"twitter:data1\" content=\"ndermjetesimi.rks\" \/>\n\t<meta name=\"twitter:label2\" content=\"Estimated reading time\" \/>\n\t<meta name=\"twitter:data2\" content=\"2 minutes\" \/>\n<script type=\"application\/ld+json\" class=\"yoast-schema-graph\">{\"@context\":\"https:\/\/schema.org\",\"@graph\":[{\"@type\":\"Article\",\"@id\":\"https:\/\/ndermjetesimi.com\/oda-e-ndermjetesuesve-te-kosoves-dhe-byroja-kosovare-e-sigurimit-thellojne-bashkepunimin-ne-fushen-e-ndermjetesimit\/#article\",\"isPartOf\":{\"@id\":\"https:\/\/ndermjetesimi.com\/oda-e-ndermjetesuesve-te-kosoves-dhe-byroja-kosovare-e-sigurimit-thellojne-bashkepunimin-ne-fushen-e-ndermjetesimit\/\"},\"author\":{\"name\":\"ndermjetesimi.rks\",\"@id\":\"https:\/\/ndermjetesimi.com\/#\/schema\/person\/70bfbc0e2cd33e62ac072e993cb63c4d\"},\"headline\":\"Oda e Nd\u00ebrmjet\u00ebsuesve t\u00eb Kosov\u00ebs dhe Byroja Kosovare e Sigurimit thellojn\u00eb bashk\u00ebpunimin n\u00eb fush\u00ebn e nd\u00ebrmjet\u00ebsimit\",\"datePublished\":\"2023-10-13T13:00:17+00:00\",\"dateModified\":\"2023-10-16T16:56:31+00:00\",\"mainEntityOfPage\":{\"@id\":\"https:\/\/ndermjetesimi.com\/oda-e-ndermjetesuesve-te-kosoves-dhe-byroja-kosovare-e-sigurimit-thellojne-bashkepunimin-ne-fushen-e-ndermjetesimit\/\"},\"wordCount\":465,\"publisher\":{\"@id\":\"https:\/\/ndermjetesimi.com\/#organization\"},\"articleSection\":[\"Aktivitete\"],\"inLanguage\":\"en-GB\"},{\"@type\":\"WebPage\",\"@id\":\"https:\/\/ndermjetesimi.com\/oda-e-ndermjetesuesve-te-kosoves-dhe-byroja-kosovare-e-sigurimit-thellojne-bashkepunimin-ne-fushen-e-ndermjetesimit\/\",\"url\":\"https:\/\/ndermjetesimi.com\/oda-e-ndermjetesuesve-te-kosoves-dhe-byroja-kosovare-e-sigurimit-thellojne-bashkepunimin-ne-fushen-e-ndermjetesimit\/\",\"name\":\"Oda e Nd\u00ebrmjet\u00ebsuesve t\u00eb Kosov\u00ebs dhe Byroja Kosovare e Sigurimit thellojn\u00eb bashk\u00ebpunimin n\u00eb fush\u00ebn e nd\u00ebrmjet\u00ebsimit - Oda e Nd\u00ebrmjet\u00ebsuesve t\u00eb Kosov\u00ebs\",\"isPartOf\":{\"@id\":\"https:\/\/ndermjetesimi.com\/#website\"},\"datePublished\":\"2023-10-13T13:00:17+00:00\",\"dateModified\":\"2023-10-16T16:56:31+00:00\",\"breadcrumb\":{\"@id\":\"https:\/\/ndermjetesimi.com\/oda-e-ndermjetesuesve-te-kosoves-dhe-byroja-kosovare-e-sigurimit-thellojne-bashkepunimin-ne-fushen-e-ndermjetesimit\/#breadcrumb\"},\"inLanguage\":\"en-GB\",\"potentialAction\":[{\"@type\":\"ReadAction\",\"target\":[\"https:\/\/ndermjetesimi.com\/oda-e-ndermjetesuesve-te-kosoves-dhe-byroja-kosovare-e-sigurimit-thellojne-bashkepunimin-ne-fushen-e-ndermjetesimit\/\"]}]},{\"@type\":\"BreadcrumbList\",\"@id\":\"https:\/\/ndermjetesimi.com\/oda-e-ndermjetesuesve-te-kosoves-dhe-byroja-kosovare-e-sigurimit-thellojne-bashkepunimin-ne-fushen-e-ndermjetesimit\/#breadcrumb\",\"itemListElement\":[{\"@type\":\"ListItem\",\"position\":1,\"name\":\"Home\",\"item\":\"https:\/\/ndermjetesimi.com\/\"},{\"@type\":\"ListItem\",\"position\":2,\"name\":\"Oda e Nd\u00ebrmjet\u00ebsuesve t\u00eb Kosov\u00ebs dhe Byroja Kosovare e Sigurimit thellojn\u00eb bashk\u00ebpunimin n\u00eb fush\u00ebn e nd\u00ebrmjet\u00ebsimit\"}]},{\"@type\":\"WebSite\",\"@id\":\"https:\/\/ndermjetesimi.com\/#website\",\"url\":\"https:\/\/ndermjetesimi.com\/\",\"name\":\"Oda e Nd\u00ebrmjet\u00ebsuesve t\u00eb Kosov\u00ebs\",\"description\":\"\",\"publisher\":{\"@id\":\"https:\/\/ndermjetesimi.com\/#organization\"},\"potentialAction\":[{\"@type\":\"SearchAction\",\"target\":{\"@type\":\"EntryPoint\",\"urlTemplate\":\"https:\/\/ndermjetesimi.com\/?s={search_term_string}\"},\"query-input\":\"required name=search_term_string\"}],\"inLanguage\":\"en-GB\"},{\"@type\":\"Organization\",\"@id\":\"https:\/\/ndermjetesimi.com\/#organization\",\"name\":\"Oda e Nd\u00ebrmjet\u00ebsuesve t\u00eb Kosov\u00ebs\",\"url\":\"https:\/\/ndermjetesimi.com\/\",\"logo\":{\"@type\":\"ImageObject\",\"inLanguage\":\"en-GB\",\"@id\":\"https:\/\/ndermjetesimi.com\/#\/schema\/logo\/image\/\",\"url\":\"https:\/\/ndermjetesimi.com\/wp-content\/uploads\/2022\/08\/cropped-Oda-form.png\",\"contentUrl\":\"https:\/\/ndermjetesimi.com\/wp-content\/uploads\/2022\/08\/cropped-Oda-form.png\",\"width\":1676,\"height\":404,\"caption\":\"Oda e Nd\u00ebrmjet\u00ebsuesve t\u00eb Kosov\u00ebs\"},\"image\":{\"@id\":\"https:\/\/ndermjetesimi.com\/#\/schema\/logo\/image\/\"},\"sameAs\":[\"https:\/\/www.facebook.com\/profile.php?id=100070871208708\"]},{\"@type\":\"Person\",\"@id\":\"https:\/\/ndermjetesimi.com\/#\/schema\/person\/70bfbc0e2cd33e62ac072e993cb63c4d\",\"name\":\"ndermjetesimi.rks\",\"image\":{\"@type\":\"ImageObject\",\"inLanguage\":\"en-GB\",\"@id\":\"https:\/\/ndermjetesimi.com\/#\/schema\/person\/image\/\",\"url\":\"https:\/\/secure.gravatar.com\/avatar\/b5631fd6854d4be128d47f3ba3b7e90d?s=96&d=mm&r=g\",\"contentUrl\":\"https:\/\/secure.gravatar.com\/avatar\/b5631fd6854d4be128d47f3ba3b7e90d?s=96&d=mm&r=g\",\"caption\":\"ndermjetesimi.rks\"},\"sameAs\":[\"https:\/\/ndermjetesimi.com\"],\"url\":\"https:\/\/ndermjetesimi.com\/en\/author\/ndermjetesimi-rks\/\"}]}<\/script>\n<!-- \/ Yoast SEO plugin. -->","yoast_head_json":{"title":"Oda e Nd\u00ebrmjet\u00ebsuesve t\u00eb Kosov\u00ebs dhe Byroja Kosovare e Sigurimit thellojn\u00eb bashk\u00ebpunimin n\u00eb fush\u00ebn e nd\u00ebrmjet\u00ebsimit - Oda e Nd\u00ebrmjet\u00ebsuesve t\u00eb Kosov\u00ebs","robots":{"index":"index","follow":"follow","max-snippet":"max-snippet:-1","max-image-preview":"max-image-preview:large","max-video-preview":"max-video-preview:-1"},"canonical":"https:\/\/ndermjetesimi.com\/en\/oda-e-ndermjetesuesve-te-kosoves-dhe-byroja-kosovare-e-sigurimit-thellojne-bashkepunimin-ne-fushen-e-ndermjetesimit\/","og_locale":"en_GB","og_type":"article","og_title":"Oda e Nd\u00ebrmjet\u00ebsuesve t\u00eb Kosov\u00ebs dhe Byroja Kosovare e Sigurimit thellojn\u00eb bashk\u00ebpunimin n\u00eb fush\u00ebn e nd\u00ebrmjet\u00ebsimit - Oda e Nd\u00ebrmjet\u00ebsuesve t\u00eb Kosov\u00ebs","og_description":"Prishtin\u00eb, 13 tetor 2023 \u2013 Oda e Nd\u00ebrmjet\u00ebsuesve t\u00eb Kosov\u00ebs dhe Byroja Kosovare e Sigurimit thellojn\u00eb bashk\u00ebpunimin n\u00eb fush\u00ebn e nd\u00ebrmjet\u00ebsimit, e cila \u00ebsht\u00eb nj\u00eb m\u00ebnyr\u00eb alternative dhe efikase e zgjidhjes s\u00eb kontesteve. Kryetarja e Od\u00ebs s\u00eb Nd\u00ebrmjet\u00ebsuesve t\u00eb Kosov\u00ebs znj.Ganimete Xhelili dhe Drejtori Ekzekutiv i Byros Kosovare t\u00eb Sigurimeve z. Sami Mazreku formalizuan Marr\u00ebveshje &hellip; Oda e Nd\u00ebrmjet\u00ebsuesve t\u00eb Kosov\u00ebs dhe Byroja Kosovare e Sigurimit thellojn\u00eb bashk\u00ebpunimin n\u00eb fush\u00ebn e nd\u00ebrmjet\u00ebsimit Read More &raquo;","og_url":"https:\/\/ndermjetesimi.com\/en\/oda-e-ndermjetesuesve-te-kosoves-dhe-byroja-kosovare-e-sigurimit-thellojne-bashkepunimin-ne-fushen-e-ndermjetesimit\/","og_site_name":"Oda e Nd\u00ebrmjet\u00ebsuesve t\u00eb Kosov\u00ebs","article_publisher":"https:\/\/www.facebook.com\/profile.php?id=100070871208708","article_published_time":"2023-10-13T13:00:17+00:00","article_modified_time":"2023-10-16T16:56:31+00:00","og_image":[{"width":1600,"height":1261,"url":"https:\/\/ndermjetesimi.com\/wp-content\/uploads\/2023\/10\/2ob-1.jpg","type":"image\/jpeg"}],"author":"ndermjetesimi.rks","twitter_card":"summary_large_image","twitter_misc":{"Written by":"ndermjetesimi.rks","Estimated reading time":"2 minutes"},"schema":{"@context":"https:\/\/schema.org","@graph":[{"@type":"Article","@id":"https:\/\/ndermjetesimi.com\/oda-e-ndermjetesuesve-te-kosoves-dhe-byroja-kosovare-e-sigurimit-thellojne-bashkepunimin-ne-fushen-e-ndermjetesimit\/#article","isPartOf":{"@id":"https:\/\/ndermjetesimi.com\/oda-e-ndermjetesuesve-te-kosoves-dhe-byroja-kosovare-e-sigurimit-thellojne-bashkepunimin-ne-fushen-e-ndermjetesimit\/"},"author":{"name":"ndermjetesimi.rks","@id":"https:\/\/ndermjetesimi.com\/#\/schema\/person\/70bfbc0e2cd33e62ac072e993cb63c4d"},"headline":"Oda e Nd\u00ebrmjet\u00ebsuesve t\u00eb Kosov\u00ebs dhe Byroja Kosovare e Sigurimit thellojn\u00eb bashk\u00ebpunimin n\u00eb fush\u00ebn e nd\u00ebrmjet\u00ebsimit","datePublished":"2023-10-13T13:00:17+00:00","dateModified":"2023-10-16T16:56:31+00:00","mainEntityOfPage":{"@id":"https:\/\/ndermjetesimi.com\/oda-e-ndermjetesuesve-te-kosoves-dhe-byroja-kosovare-e-sigurimit-thellojne-bashkepunimin-ne-fushen-e-ndermjetesimit\/"},"wordCount":465,"publisher":{"@id":"https:\/\/ndermjetesimi.com\/#organization"},"articleSection":["Aktivitete"],"inLanguage":"en-GB"},{"@type":"WebPage","@id":"https:\/\/ndermjetesimi.com\/oda-e-ndermjetesuesve-te-kosoves-dhe-byroja-kosovare-e-sigurimit-thellojne-bashkepunimin-ne-fushen-e-ndermjetesimit\/","url":"https:\/\/ndermjetesimi.com\/oda-e-ndermjetesuesve-te-kosoves-dhe-byroja-kosovare-e-sigurimit-thellojne-bashkepunimin-ne-fushen-e-ndermjetesimit\/","name":"Oda e Nd\u00ebrmjet\u00ebsuesve t\u00eb Kosov\u00ebs dhe Byroja Kosovare e Sigurimit thellojn\u00eb bashk\u00ebpunimin n\u00eb fush\u00ebn e nd\u00ebrmjet\u00ebsimit - Oda e Nd\u00ebrmjet\u00ebsuesve t\u00eb Kosov\u00ebs","isPartOf":{"@id":"https:\/\/ndermjetesimi.com\/#website"},"datePublished":"2023-10-13T13:00:17+00:00","dateModified":"2023-10-16T16:56:31+00:00","breadcrumb":{"@id":"https:\/\/ndermjetesimi.com\/oda-e-ndermjetesuesve-te-kosoves-dhe-byroja-kosovare-e-sigurimit-thellojne-bashkepunimin-ne-fushen-e-ndermjetesimit\/#breadcrumb"},"inLanguage":"en-GB","potentialAction":[{"@type":"ReadAction","target":["https:\/\/ndermjetesimi.com\/oda-e-ndermjetesuesve-te-kosoves-dhe-byroja-kosovare-e-sigurimit-thellojne-bashkepunimin-ne-fushen-e-ndermjetesimit\/"]}]},{"@type":"BreadcrumbList","@id":"https:\/\/ndermjetesimi.com\/oda-e-ndermjetesuesve-te-kosoves-dhe-byroja-kosovare-e-sigurimit-thellojne-bashkepunimin-ne-fushen-e-ndermjetesimit\/#breadcrumb","itemListElement":[{"@type":"ListItem","position":1,"name":"Home","item":"https:\/\/ndermjetesimi.com\/"},{"@type":"ListItem","position":2,"name":"Oda e Nd\u00ebrmjet\u00ebsuesve t\u00eb Kosov\u00ebs dhe Byroja Kosovare e Sigurimit thellojn\u00eb bashk\u00ebpunimin n\u00eb fush\u00ebn e nd\u00ebrmjet\u00ebsimit"}]},{"@type":"WebSite","@id":"https:\/\/ndermjetesimi.com\/#website","url":"https:\/\/ndermjetesimi.com\/","name":"Oda e Nd\u00ebrmjet\u00ebsuesve t\u00eb Kosov\u00ebs","description":"","publisher":{"@id":"https:\/\/ndermjetesimi.com\/#organization"},"potentialAction":[{"@type":"SearchAction","target":{"@type":"EntryPoint","urlTemplate":"https:\/\/ndermjetesimi.com\/?s={search_term_string}"},"query-input":"required name=search_term_string"}],"inLanguage":"en-GB"},{"@type":"Organization","@id":"https:\/\/ndermjetesimi.com\/#organization","name":"Oda e Nd\u00ebrmjet\u00ebsuesve t\u00eb Kosov\u00ebs","url":"https:\/\/ndermjetesimi.com\/","logo":{"@type":"ImageObject","inLanguage":"en-GB","@id":"https:\/\/ndermjetesimi.com\/#\/schema\/logo\/image\/","url":"https:\/\/ndermjetesimi.com\/wp-content\/uploads\/2022\/08\/cropped-Oda-form.png","contentUrl":"https:\/\/ndermjetesimi.com\/wp-content\/uploads\/2022\/08\/cropped-Oda-form.png","width":1676,"height":404,"caption":"Oda e Nd\u00ebrmjet\u00ebsuesve t\u00eb Kosov\u00ebs"},"image":{"@id":"https:\/\/ndermjetesimi.com\/#\/schema\/logo\/image\/"},"sameAs":["https:\/\/www.facebook.com\/profile.php?id=100070871208708"]},{"@type":"Person","@id":"https:\/\/ndermjetesimi.com\/#\/schema\/person\/70bfbc0e2cd33e62ac072e993cb63c4d","name":"ndermjetesimi.rks","image":{"@type":"ImageObject","inLanguage":"en-GB","@id":"https:\/\/ndermjetesimi.com\/#\/schema\/person\/image\/","url":"https:\/\/secure.gravatar.com\/avatar\/b5631fd6854d4be128d47f3ba3b7e90d?s=96&d=mm&r=g","contentUrl":"https:\/\/secure.gravatar.com\/avatar\/b5631fd6854d4be128d47f3ba3b7e90d?s=96&d=mm&r=g","caption":"ndermjetesimi.rks"},"sameAs":["https:\/\/ndermjetesimi.com"],"url":"https:\/\/ndermjetesimi.com\/en\/author\/ndermjetesimi-rks\/"}]}},"_links":{"self":[{"href":"https:\/\/ndermjetesimi.com\/en\/wp-json\/wp\/v2\/posts\/2755"}],"collection":[{"href":"https:\/\/ndermjetesimi.com\/en\/wp-json\/wp\/v2\/posts"}],"about":[{"href":"https:\/\/ndermjetesimi.com\/en\/wp-json\/wp\/v2\/types\/post"}],"author":[{"embeddable":true,"href":"https:\/\/ndermjetesimi.com\/en\/wp-json\/wp\/v2\/users\/1"}],"replies":[{"embeddable":true,"href":"https:\/\/ndermjetesimi.com\/en\/wp-json\/wp\/v2\/comments?post=2755"}],"version-history":[{"count":4,"href":"https:\/\/ndermjetesimi.com\/en\/wp-json\/wp\/v2\/posts\/2755\/revisions"}],"predecessor-version":[{"id":2764,"href":"https:\/\/ndermjetesimi.com\/en\/wp-json\/wp\/v2\/posts\/2755\/revisions\/2764"}],"wp:featuredmedia":[{"embeddable":true,"href":"https:\/\/ndermjetesimi.com\/en\/wp-json\/wp\/v2\/media\/2759"}],"wp:attachment":[{"href":"https:\/\/ndermjetesimi.com\/en\/wp-json\/wp\/v2\/media?parent=2755"}],"wp:term":[{"taxonomy":"category","embeddable":true,"href":"https:\/\/ndermjetesimi.com\/en\/wp-json\/wp\/v2\/categories?post=2755"},{"taxonomy":"post_tag","embeddable":true,"href":"https:\/\/ndermjetesimi.com\/en\/wp-json\/wp\/v2\/tags?post=2755"}],"curies":[{"name":"wp","href":"https:\/\/api.w.org\/{rel}","templated":true}]}}