{"id":2685,"date":"2023-04-22T02:29:32","date_gmt":"2023-04-22T00:29:32","guid":{"rendered":"https:\/\/ndermjetesimi.com\/?p=2685"},"modified":"2023-04-22T02:29:32","modified_gmt":"2023-04-22T00:29:32","slug":"oda-e-ndermjetesuesve-te-kosoves-bashkepunon-me-fakultetin-juridik-te-universitetit-isa-boletini","status":"publish","type":"post","link":"https:\/\/ndermjetesimi.com\/en\/oda-e-ndermjetesuesve-te-kosoves-bashkepunon-me-fakultetin-juridik-te-universitetit-isa-boletini\/","title":{"rendered":"Oda e Nd\u00ebrmjet\u00ebsuesve t\u00eb Kosov\u00ebs bashk\u00ebpunon me Fakultetin Juridik t\u00eb Universitetit \u2018Isa Boletini\u2019"},"content":{"rendered":"<p><strong>Mitrovic\u00eb, 19 prill 2023 &#8211; Kryetarja e Od\u00ebs s\u00eb Nd\u00ebrmjet\u00ebsuesve t\u00eb Kosov\u00ebs (ONDK), znj. Ganimete Xhelili dhe Dekani i Fakultetit Juridik n\u00eb \u00a0Universitetin \u201cIsa Boletini\u201d n\u00eb Mitrovic\u00eb, prof. assoc. dr. Islam Qerimi, kan\u00eb \u00a0n\u00ebnshkruar Memorandum Bashk\u00ebpunimi. T\u00eb pranish\u00ebm n\u00eb ceremonin\u00eb e n\u00ebnshkrimit t\u00eb k\u00ebtij memorandumi nga pala e ONDK ishte\u00a0edhe an\u00ebtari i Bordit, z. Mentor Boja, nd\u00ebrsa nga pala e Fakultetit Juridik ishin prof. ass. dr. Arbnor Ajeti dhe prof. ass. Dr. Benik Murati!<\/strong><\/p>\n\n\n\n<p>Q\u00ebllimi i k\u00ebtij memorandumi \u00ebsht\u00eb bashk\u00ebpunimi, mb\u00ebshtetja dhe bashk\u00ebrendimi i aktiviteteve n\u00eb mes t\u00eb ONDK dhe Fakultetit Juridik. Meqen\u00ebse nd\u00ebrmjet\u00ebsimi si proces, por dhe si instrument \u00ebsht\u00eb i r\u00ebnd\u00ebsis\u00ebm p\u00ebr trajtimin dhe zgjidhjen e konflikteve civile, tregtare, familjare dhe penale, ky memorandum synon t\u00eb promovoj\u00eb p\u00ebrpjekjet e p\u00ebrbashk\u00ebta t\u00eb dy institucioneve n\u00eb sfer\u00ebn e avancimit t\u00eb k\u00ebtyre \u00e7\u00ebshtjeve q\u00eb jan\u00eb me interes reciprok. Pal\u00ebt konstatuan rolin dhe r\u00ebnd\u00ebsin e k\u00ebtij memorandumi n\u00eb faktin e sensibilizimit t\u00eb p\u00ebrpar\u00ebsis\u00eb dhe afirmimit t\u00eb zgjidhjes s\u00eb kontesteve nd\u00ebrmjet pal\u00ebve n\u00eb procedur\u00eb gjyq\u00ebsore. Ata k\u00ebt\u00eb memorandum e favorizon\u00eb edhe p\u00ebr shkak se instrumentet nd\u00ebrkomb\u00ebtare dhe eksperienca nd\u00ebrmjet\u00ebsuese e v\u00ebrtetojn\u00eb se p\u00ebr dallim nga gjyqtari n\u00eb nj\u00eb proces gjyq\u00ebsor dhe arbitri n\u00eb nj\u00eb proces arbitrazhi, nd\u00ebrmjet\u00ebsi ka autoritet n\u00eb menaxhimin e gjith\u00eb procesit t\u00eb nd\u00ebrmjet\u00ebsimit, por nuk ka autoritet t\u00eb marr\u00eb vendime jasht\u00eb vullnetit t\u00eb pal\u00ebve t\u00eb p\u00ebrfshira n\u00eb konflikt.<\/p>\n\n\n\n<p>ONDK dhe Fakulteti Juridik sipas k\u00ebtij memorandumi do t\u00eb bashk\u00ebrendojn\u00eb aktivitetet n\u00eb sfer\u00ebn e bashk\u00ebpunimit p\u00ebr mund\u00ebsin\u00eb e mbajtjes s\u00eb praktik\u00ebs dhe vizitave studimore p\u00ebr student\u00ebt e Fakultetit Juridik n\u00eb Od\u00ebn e Nd\u00ebrmjet\u00ebsuesve te Kosov\u00ebs (ONDK) dhe prezantimi i temave n\u00eb fush\u00ebn e nd\u00ebrmjet\u00ebsimit nga ana e nd\u00ebrmjet\u00ebsuesve para student\u00ebve t\u00eb Universitetit t\u00eb Mitrovic\u00ebs, p\u00ebr trajnime e tema t\u00eb ve\u00e7anta q\u00eb nd\u00ebrlidh\u00ebn me fush\u00ebn e nd\u00ebrmjetesimit n\u00eb Republik\u00ebn e Kosov\u00ebs. Fokus i ve\u00e7ant\u00eb i k\u00ebtij memorandumi \u00ebsht\u00eb organizimi i aktiviteteve t\u00eb p\u00ebrbashk\u00ebta profesionale (ligj\u00ebrata\/debate) me q\u00ebllim t\u00eb shk\u00ebmbimit t\u00eb praktikave n\u00eb drejtim t\u00eb rritjes s\u00eb cil\u00ebsis\u00eb s\u00eb studimit p\u00ebr student\u00ebt e Fakultetit Juridik dhe informimit e promovimit t\u00eb procesit t\u00eb nd\u00ebrmjet\u00ebsimit. P\u00ebr implementimin e konferencave \/ debateve \/ simpoziumeve, Univeristeti \u201cIsa Boletini\u201dn\u00eb Mitrovic\u00eb, do t\u2019i v\u00eb n\u00eb dispozicion t\u00eb ONDK pa kompensim klasat dhe ambientet e tjera.<\/p>","protected":false},"excerpt":{"rendered":"<p>Mitrovic\u00eb, 19 prill 2023 &#8211; Kryetarja e Od\u00ebs s\u00eb Nd\u00ebrmjet\u00ebsuesve t\u00eb Kosov\u00ebs (ONDK), znj. Ganimete Xhelili dhe Dekani i Fakultetit Juridik n\u00eb \u00a0Universitetin \u201cIsa Boletini\u201d n\u00eb Mitrovic\u00eb, prof. assoc. dr. Islam Qerimi, kan\u00eb \u00a0n\u00ebnshkruar Memorandum Bashk\u00ebpunimi. T\u00eb pranish\u00ebm n\u00eb ceremonin\u00eb e n\u00ebnshkrimit t\u00eb k\u00ebtij memorandumi nga pala e ONDK ishte\u00a0edhe an\u00ebtari i Bordit, z. Mentor &hellip;<\/p>\n<p class=\"read-more\"> <a class=\"\" href=\"https:\/\/ndermjetesimi.com\/en\/oda-e-ndermjetesuesve-te-kosoves-bashkepunon-me-fakultetin-juridik-te-universitetit-isa-boletini\/\"> <span class=\"screen-reader-text\">Oda e Nd\u00ebrmjet\u00ebsuesve t\u00eb Kosov\u00ebs bashk\u00ebpunon me Fakultetin Juridik t\u00eb Universitetit \u2018Isa Boletini\u2019<\/span> Read More &raquo;<\/a><\/p>","protected":false},"author":1,"featured_media":2686,"comment_status":"closed","ping_status":"open","sticky":false,"template":"","format":"standard","meta":{"_mi_skip_tracking":false,"site-sidebar-layout":"default","site-content-layout":"default","ast-global-header-display":"","ast-main-header-display":"","ast-hfb-above-header-display":"","ast-hfb-below-header-display":"","ast-hfb-mobile-header-display":"","site-post-title":"","ast-breadcrumbs-content":"","ast-featured-img":"","footer-sml-layout":"","theme-transparent-header-meta":"","adv-header-id-meta":"","stick-header-meta":"","header-above-stick-meta":"","header-main-stick-meta":"","header-below-stick-meta":"","footnotes":""},"categories":[15],"tags":[],"class_list":["post-2685","post","type-post","status-publish","format-standard","has-post-thumbnail","hentry","category-aktivitete"],"yoast_head":"<!-- This site is optimized with the Yoast SEO plugin v21.3 - https:\/\/yoast.com\/wordpress\/plugins\/seo\/ -->\n<title>Oda e Nd\u00ebrmjet\u00ebsuesve t\u00eb Kosov\u00ebs bashk\u00ebpunon me Fakultetin Juridik t\u00eb Universitetit \u2018Isa Boletini\u2019 - Oda e Nd\u00ebrmjet\u00ebsuesve t\u00eb Kosov\u00ebs<\/title>\n<meta name=\"robots\" content=\"index, follow, max-snippet:-1, max-image-preview:large, max-video-preview:-1\" \/>\n<link rel=\"canonical\" href=\"https:\/\/ndermjetesimi.com\/en\/oda-e-ndermjetesuesve-te-kosoves-bashkepunon-me-fakultetin-juridik-te-universitetit-isa-boletini\/\" \/>\n<meta property=\"og:locale\" content=\"en_GB\" \/>\n<meta property=\"og:type\" content=\"article\" \/>\n<meta property=\"og:title\" content=\"Oda e Nd\u00ebrmjet\u00ebsuesve t\u00eb Kosov\u00ebs bashk\u00ebpunon me Fakultetin Juridik t\u00eb Universitetit \u2018Isa Boletini\u2019 - Oda e Nd\u00ebrmjet\u00ebsuesve t\u00eb Kosov\u00ebs\" \/>\n<meta property=\"og:description\" content=\"Mitrovic\u00eb, 19 prill 2023 &#8211; Kryetarja e Od\u00ebs s\u00eb Nd\u00ebrmjet\u00ebsuesve t\u00eb Kosov\u00ebs (ONDK), znj. Ganimete Xhelili dhe Dekani i Fakultetit Juridik n\u00eb \u00a0Universitetin \u201cIsa Boletini\u201d n\u00eb Mitrovic\u00eb, prof. assoc. dr. Islam Qerimi, kan\u00eb \u00a0n\u00ebnshkruar Memorandum Bashk\u00ebpunimi. T\u00eb pranish\u00ebm n\u00eb ceremonin\u00eb e n\u00ebnshkrimit t\u00eb k\u00ebtij memorandumi nga pala e ONDK ishte\u00a0edhe an\u00ebtari i Bordit, z. Mentor &hellip; Oda e Nd\u00ebrmjet\u00ebsuesve t\u00eb Kosov\u00ebs bashk\u00ebpunon me Fakultetin Juridik t\u00eb Universitetit \u2018Isa Boletini\u2019 Read More &raquo;\" \/>\n<meta property=\"og:url\" content=\"https:\/\/ndermjetesimi.com\/en\/oda-e-ndermjetesuesve-te-kosoves-bashkepunon-me-fakultetin-juridik-te-universitetit-isa-boletini\/\" \/>\n<meta property=\"og:site_name\" content=\"Oda e Nd\u00ebrmjet\u00ebsuesve t\u00eb Kosov\u00ebs\" \/>\n<meta property=\"article:publisher\" content=\"https:\/\/www.facebook.com\/profile.php?id=100070871208708\" \/>\n<meta property=\"article:published_time\" content=\"2023-04-22T00:29:32+00:00\" \/>\n<meta property=\"og:image\" content=\"https:\/\/ndermjetesimi.com\/wp-content\/uploads\/2023\/04\/mm.jpg\" \/>\n\t<meta property=\"og:image:width\" content=\"2048\" \/>\n\t<meta property=\"og:image:height\" content=\"1536\" \/>\n\t<meta property=\"og:image:type\" content=\"image\/jpeg\" \/>\n<meta name=\"author\" content=\"ndermjetesimi.rks\" \/>\n<meta name=\"twitter:card\" content=\"summary_large_image\" \/>\n<meta name=\"twitter:label1\" content=\"Written by\" \/>\n\t<meta name=\"twitter:data1\" content=\"ndermjetesimi.rks\" \/>\n\t<meta name=\"twitter:label2\" content=\"Estimated reading time\" \/>\n\t<meta name=\"twitter:data2\" content=\"2 minutes\" \/>\n<script type=\"application\/ld+json\" class=\"yoast-schema-graph\">{\"@context\":\"https:\/\/schema.org\",\"@graph\":[{\"@type\":\"Article\",\"@id\":\"https:\/\/ndermjetesimi.com\/oda-e-ndermjetesuesve-te-kosoves-bashkepunon-me-fakultetin-juridik-te-universitetit-isa-boletini\/#article\",\"isPartOf\":{\"@id\":\"https:\/\/ndermjetesimi.com\/oda-e-ndermjetesuesve-te-kosoves-bashkepunon-me-fakultetin-juridik-te-universitetit-isa-boletini\/\"},\"author\":{\"name\":\"ndermjetesimi.rks\",\"@id\":\"https:\/\/ndermjetesimi.com\/#\/schema\/person\/70bfbc0e2cd33e62ac072e993cb63c4d\"},\"headline\":\"Oda e Nd\u00ebrmjet\u00ebsuesve t\u00eb Kosov\u00ebs bashk\u00ebpunon me Fakultetin Juridik t\u00eb Universitetit \u2018Isa Boletini\u2019\",\"datePublished\":\"2023-04-22T00:29:32+00:00\",\"dateModified\":\"2023-04-22T00:29:32+00:00\",\"mainEntityOfPage\":{\"@id\":\"https:\/\/ndermjetesimi.com\/oda-e-ndermjetesuesve-te-kosoves-bashkepunon-me-fakultetin-juridik-te-universitetit-isa-boletini\/\"},\"wordCount\":465,\"publisher\":{\"@id\":\"https:\/\/ndermjetesimi.com\/#organization\"},\"articleSection\":[\"Aktivitete\"],\"inLanguage\":\"en-GB\"},{\"@type\":\"WebPage\",\"@id\":\"https:\/\/ndermjetesimi.com\/oda-e-ndermjetesuesve-te-kosoves-bashkepunon-me-fakultetin-juridik-te-universitetit-isa-boletini\/\",\"url\":\"https:\/\/ndermjetesimi.com\/oda-e-ndermjetesuesve-te-kosoves-bashkepunon-me-fakultetin-juridik-te-universitetit-isa-boletini\/\",\"name\":\"Oda e Nd\u00ebrmjet\u00ebsuesve t\u00eb Kosov\u00ebs bashk\u00ebpunon me Fakultetin Juridik t\u00eb Universitetit \u2018Isa Boletini\u2019 - Oda e Nd\u00ebrmjet\u00ebsuesve t\u00eb Kosov\u00ebs\",\"isPartOf\":{\"@id\":\"https:\/\/ndermjetesimi.com\/#website\"},\"datePublished\":\"2023-04-22T00:29:32+00:00\",\"dateModified\":\"2023-04-22T00:29:32+00:00\",\"breadcrumb\":{\"@id\":\"https:\/\/ndermjetesimi.com\/oda-e-ndermjetesuesve-te-kosoves-bashkepunon-me-fakultetin-juridik-te-universitetit-isa-boletini\/#breadcrumb\"},\"inLanguage\":\"en-GB\",\"potentialAction\":[{\"@type\":\"ReadAction\",\"target\":[\"https:\/\/ndermjetesimi.com\/oda-e-ndermjetesuesve-te-kosoves-bashkepunon-me-fakultetin-juridik-te-universitetit-isa-boletini\/\"]}]},{\"@type\":\"BreadcrumbList\",\"@id\":\"https:\/\/ndermjetesimi.com\/oda-e-ndermjetesuesve-te-kosoves-bashkepunon-me-fakultetin-juridik-te-universitetit-isa-boletini\/#breadcrumb\",\"itemListElement\":[{\"@type\":\"ListItem\",\"position\":1,\"name\":\"Home\",\"item\":\"https:\/\/ndermjetesimi.com\/\"},{\"@type\":\"ListItem\",\"position\":2,\"name\":\"Oda e Nd\u00ebrmjet\u00ebsuesve t\u00eb Kosov\u00ebs bashk\u00ebpunon me Fakultetin Juridik t\u00eb Universitetit \u2018Isa Boletini\u2019\"}]},{\"@type\":\"WebSite\",\"@id\":\"https:\/\/ndermjetesimi.com\/#website\",\"url\":\"https:\/\/ndermjetesimi.com\/\",\"name\":\"Oda e Nd\u00ebrmjet\u00ebsuesve t\u00eb Kosov\u00ebs\",\"description\":\"\",\"publisher\":{\"@id\":\"https:\/\/ndermjetesimi.com\/#organization\"},\"potentialAction\":[{\"@type\":\"SearchAction\",\"target\":{\"@type\":\"EntryPoint\",\"urlTemplate\":\"https:\/\/ndermjetesimi.com\/?s={search_term_string}\"},\"query-input\":\"required name=search_term_string\"}],\"inLanguage\":\"en-GB\"},{\"@type\":\"Organization\",\"@id\":\"https:\/\/ndermjetesimi.com\/#organization\",\"name\":\"Oda e Nd\u00ebrmjet\u00ebsuesve t\u00eb Kosov\u00ebs\",\"url\":\"https:\/\/ndermjetesimi.com\/\",\"logo\":{\"@type\":\"ImageObject\",\"inLanguage\":\"en-GB\",\"@id\":\"https:\/\/ndermjetesimi.com\/#\/schema\/logo\/image\/\",\"url\":\"https:\/\/ndermjetesimi.com\/wp-content\/uploads\/2022\/08\/cropped-Oda-form.png\",\"contentUrl\":\"https:\/\/ndermjetesimi.com\/wp-content\/uploads\/2022\/08\/cropped-Oda-form.png\",\"width\":1676,\"height\":404,\"caption\":\"Oda e Nd\u00ebrmjet\u00ebsuesve t\u00eb Kosov\u00ebs\"},\"image\":{\"@id\":\"https:\/\/ndermjetesimi.com\/#\/schema\/logo\/image\/\"},\"sameAs\":[\"https:\/\/www.facebook.com\/profile.php?id=100070871208708\"]},{\"@type\":\"Person\",\"@id\":\"https:\/\/ndermjetesimi.com\/#\/schema\/person\/70bfbc0e2cd33e62ac072e993cb63c4d\",\"name\":\"ndermjetesimi.rks\",\"image\":{\"@type\":\"ImageObject\",\"inLanguage\":\"en-GB\",\"@id\":\"https:\/\/ndermjetesimi.com\/#\/schema\/person\/image\/\",\"url\":\"https:\/\/secure.gravatar.com\/avatar\/b5631fd6854d4be128d47f3ba3b7e90d?s=96&d=mm&r=g\",\"contentUrl\":\"https:\/\/secure.gravatar.com\/avatar\/b5631fd6854d4be128d47f3ba3b7e90d?s=96&d=mm&r=g\",\"caption\":\"ndermjetesimi.rks\"},\"sameAs\":[\"https:\/\/ndermjetesimi.com\"],\"url\":\"https:\/\/ndermjetesimi.com\/en\/author\/ndermjetesimi-rks\/\"}]}<\/script>\n<!-- \/ Yoast SEO plugin. -->","yoast_head_json":{"title":"Oda e Nd\u00ebrmjet\u00ebsuesve t\u00eb Kosov\u00ebs bashk\u00ebpunon me Fakultetin Juridik t\u00eb Universitetit \u2018Isa Boletini\u2019 - Oda e Nd\u00ebrmjet\u00ebsuesve t\u00eb Kosov\u00ebs","robots":{"index":"index","follow":"follow","max-snippet":"max-snippet:-1","max-image-preview":"max-image-preview:large","max-video-preview":"max-video-preview:-1"},"canonical":"https:\/\/ndermjetesimi.com\/en\/oda-e-ndermjetesuesve-te-kosoves-bashkepunon-me-fakultetin-juridik-te-universitetit-isa-boletini\/","og_locale":"en_GB","og_type":"article","og_title":"Oda e Nd\u00ebrmjet\u00ebsuesve t\u00eb Kosov\u00ebs bashk\u00ebpunon me Fakultetin Juridik t\u00eb Universitetit \u2018Isa Boletini\u2019 - Oda e Nd\u00ebrmjet\u00ebsuesve t\u00eb Kosov\u00ebs","og_description":"Mitrovic\u00eb, 19 prill 2023 &#8211; Kryetarja e Od\u00ebs s\u00eb Nd\u00ebrmjet\u00ebsuesve t\u00eb Kosov\u00ebs (ONDK), znj. Ganimete Xhelili dhe Dekani i Fakultetit Juridik n\u00eb \u00a0Universitetin \u201cIsa Boletini\u201d n\u00eb Mitrovic\u00eb, prof. assoc. dr. Islam Qerimi, kan\u00eb \u00a0n\u00ebnshkruar Memorandum Bashk\u00ebpunimi. T\u00eb pranish\u00ebm n\u00eb ceremonin\u00eb e n\u00ebnshkrimit t\u00eb k\u00ebtij memorandumi nga pala e ONDK ishte\u00a0edhe an\u00ebtari i Bordit, z. Mentor &hellip; Oda e Nd\u00ebrmjet\u00ebsuesve t\u00eb Kosov\u00ebs bashk\u00ebpunon me Fakultetin Juridik t\u00eb Universitetit \u2018Isa Boletini\u2019 Read More &raquo;","og_url":"https:\/\/ndermjetesimi.com\/en\/oda-e-ndermjetesuesve-te-kosoves-bashkepunon-me-fakultetin-juridik-te-universitetit-isa-boletini\/","og_site_name":"Oda e Nd\u00ebrmjet\u00ebsuesve t\u00eb Kosov\u00ebs","article_publisher":"https:\/\/www.facebook.com\/profile.php?id=100070871208708","article_published_time":"2023-04-22T00:29:32+00:00","og_image":[{"width":2048,"height":1536,"url":"https:\/\/ndermjetesimi.com\/wp-content\/uploads\/2023\/04\/mm.jpg","type":"image\/jpeg"}],"author":"ndermjetesimi.rks","twitter_card":"summary_large_image","twitter_misc":{"Written by":"ndermjetesimi.rks","Estimated reading time":"2 minutes"},"schema":{"@context":"https:\/\/schema.org","@graph":[{"@type":"Article","@id":"https:\/\/ndermjetesimi.com\/oda-e-ndermjetesuesve-te-kosoves-bashkepunon-me-fakultetin-juridik-te-universitetit-isa-boletini\/#article","isPartOf":{"@id":"https:\/\/ndermjetesimi.com\/oda-e-ndermjetesuesve-te-kosoves-bashkepunon-me-fakultetin-juridik-te-universitetit-isa-boletini\/"},"author":{"name":"ndermjetesimi.rks","@id":"https:\/\/ndermjetesimi.com\/#\/schema\/person\/70bfbc0e2cd33e62ac072e993cb63c4d"},"headline":"Oda e Nd\u00ebrmjet\u00ebsuesve t\u00eb Kosov\u00ebs bashk\u00ebpunon me Fakultetin Juridik t\u00eb Universitetit \u2018Isa Boletini\u2019","datePublished":"2023-04-22T00:29:32+00:00","dateModified":"2023-04-22T00:29:32+00:00","mainEntityOfPage":{"@id":"https:\/\/ndermjetesimi.com\/oda-e-ndermjetesuesve-te-kosoves-bashkepunon-me-fakultetin-juridik-te-universitetit-isa-boletini\/"},"wordCount":465,"publisher":{"@id":"https:\/\/ndermjetesimi.com\/#organization"},"articleSection":["Aktivitete"],"inLanguage":"en-GB"},{"@type":"WebPage","@id":"https:\/\/ndermjetesimi.com\/oda-e-ndermjetesuesve-te-kosoves-bashkepunon-me-fakultetin-juridik-te-universitetit-isa-boletini\/","url":"https:\/\/ndermjetesimi.com\/oda-e-ndermjetesuesve-te-kosoves-bashkepunon-me-fakultetin-juridik-te-universitetit-isa-boletini\/","name":"Oda e Nd\u00ebrmjet\u00ebsuesve t\u00eb Kosov\u00ebs bashk\u00ebpunon me Fakultetin Juridik t\u00eb Universitetit \u2018Isa Boletini\u2019 - Oda e Nd\u00ebrmjet\u00ebsuesve t\u00eb Kosov\u00ebs","isPartOf":{"@id":"https:\/\/ndermjetesimi.com\/#website"},"datePublished":"2023-04-22T00:29:32+00:00","dateModified":"2023-04-22T00:29:32+00:00","breadcrumb":{"@id":"https:\/\/ndermjetesimi.com\/oda-e-ndermjetesuesve-te-kosoves-bashkepunon-me-fakultetin-juridik-te-universitetit-isa-boletini\/#breadcrumb"},"inLanguage":"en-GB","potentialAction":[{"@type":"ReadAction","target":["https:\/\/ndermjetesimi.com\/oda-e-ndermjetesuesve-te-kosoves-bashkepunon-me-fakultetin-juridik-te-universitetit-isa-boletini\/"]}]},{"@type":"BreadcrumbList","@id":"https:\/\/ndermjetesimi.com\/oda-e-ndermjetesuesve-te-kosoves-bashkepunon-me-fakultetin-juridik-te-universitetit-isa-boletini\/#breadcrumb","itemListElement":[{"@type":"ListItem","position":1,"name":"Home","item":"https:\/\/ndermjetesimi.com\/"},{"@type":"ListItem","position":2,"name":"Oda e Nd\u00ebrmjet\u00ebsuesve t\u00eb Kosov\u00ebs bashk\u00ebpunon me Fakultetin Juridik t\u00eb Universitetit \u2018Isa Boletini\u2019"}]},{"@type":"WebSite","@id":"https:\/\/ndermjetesimi.com\/#website","url":"https:\/\/ndermjetesimi.com\/","name":"Oda e Nd\u00ebrmjet\u00ebsuesve t\u00eb Kosov\u00ebs","description":"","publisher":{"@id":"https:\/\/ndermjetesimi.com\/#organization"},"potentialAction":[{"@type":"SearchAction","target":{"@type":"EntryPoint","urlTemplate":"https:\/\/ndermjetesimi.com\/?s={search_term_string}"},"query-input":"required name=search_term_string"}],"inLanguage":"en-GB"},{"@type":"Organization","@id":"https:\/\/ndermjetesimi.com\/#organization","name":"Oda e Nd\u00ebrmjet\u00ebsuesve t\u00eb Kosov\u00ebs","url":"https:\/\/ndermjetesimi.com\/","logo":{"@type":"ImageObject","inLanguage":"en-GB","@id":"https:\/\/ndermjetesimi.com\/#\/schema\/logo\/image\/","url":"https:\/\/ndermjetesimi.com\/wp-content\/uploads\/2022\/08\/cropped-Oda-form.png","contentUrl":"https:\/\/ndermjetesimi.com\/wp-content\/uploads\/2022\/08\/cropped-Oda-form.png","width":1676,"height":404,"caption":"Oda e Nd\u00ebrmjet\u00ebsuesve t\u00eb Kosov\u00ebs"},"image":{"@id":"https:\/\/ndermjetesimi.com\/#\/schema\/logo\/image\/"},"sameAs":["https:\/\/www.facebook.com\/profile.php?id=100070871208708"]},{"@type":"Person","@id":"https:\/\/ndermjetesimi.com\/#\/schema\/person\/70bfbc0e2cd33e62ac072e993cb63c4d","name":"ndermjetesimi.rks","image":{"@type":"ImageObject","inLanguage":"en-GB","@id":"https:\/\/ndermjetesimi.com\/#\/schema\/person\/image\/","url":"https:\/\/secure.gravatar.com\/avatar\/b5631fd6854d4be128d47f3ba3b7e90d?s=96&d=mm&r=g","contentUrl":"https:\/\/secure.gravatar.com\/avatar\/b5631fd6854d4be128d47f3ba3b7e90d?s=96&d=mm&r=g","caption":"ndermjetesimi.rks"},"sameAs":["https:\/\/ndermjetesimi.com"],"url":"https:\/\/ndermjetesimi.com\/en\/author\/ndermjetesimi-rks\/"}]}},"_links":{"self":[{"href":"https:\/\/ndermjetesimi.com\/en\/wp-json\/wp\/v2\/posts\/2685"}],"collection":[{"href":"https:\/\/ndermjetesimi.com\/en\/wp-json\/wp\/v2\/posts"}],"about":[{"href":"https:\/\/ndermjetesimi.com\/en\/wp-json\/wp\/v2\/types\/post"}],"author":[{"embeddable":true,"href":"https:\/\/ndermjetesimi.com\/en\/wp-json\/wp\/v2\/users\/1"}],"replies":[{"embeddable":true,"href":"https:\/\/ndermjetesimi.com\/en\/wp-json\/wp\/v2\/comments?post=2685"}],"version-history":[{"count":1,"href":"https:\/\/ndermjetesimi.com\/en\/wp-json\/wp\/v2\/posts\/2685\/revisions"}],"predecessor-version":[{"id":2687,"href":"https:\/\/ndermjetesimi.com\/en\/wp-json\/wp\/v2\/posts\/2685\/revisions\/2687"}],"wp:featuredmedia":[{"embeddable":true,"href":"https:\/\/ndermjetesimi.com\/en\/wp-json\/wp\/v2\/media\/2686"}],"wp:attachment":[{"href":"https:\/\/ndermjetesimi.com\/en\/wp-json\/wp\/v2\/media?parent=2685"}],"wp:term":[{"taxonomy":"category","embeddable":true,"href":"https:\/\/ndermjetesimi.com\/en\/wp-json\/wp\/v2\/categories?post=2685"},{"taxonomy":"post_tag","embeddable":true,"href":"https:\/\/ndermjetesimi.com\/en\/wp-json\/wp\/v2\/tags?post=2685"}],"curies":[{"name":"wp","href":"https:\/\/api.w.org\/{rel}","templated":true}]}}